{"id":14183,"date":"2018-10-02T13:04:23","date_gmt":"2018-10-02T13:04:23","guid":{"rendered":"http:\/\/centralmedia.rs\/?p=14183"},"modified":"2018-10-04T13:54:50","modified_gmt":"2018-10-04T13:54:50","slug":"vek-i-po-trajanja-najznacajnije-ustanove-kulture-u-svilajncu","status":"publish","type":"post","link":"https:\/\/centralmedia.rs\/index.php\/2018\/10\/02\/vek-i-po-trajanja-najznacajnije-ustanove-kulture-u-svilajncu\/","title":{"rendered":"VEK I PO TRAJANJA NAJZNA\u010cAJNIJE USTANOVE KULTURE U SVILAJNCU"},"content":{"rendered":"<p>SVILAJNAC- Resavska biblioteka Svilajnac proslavila je sve\u010danom akademijom veliki jubilej \u2013 150 godina postojanja i rada.\u00a0 Obele\u017eavanje jubileja po\u010delo je otvranjem ekskluzivne izlo\u017ebe pod nazivom &#8220;History of changes &#8211; Istorija promena&#8221; autora Vesne Vujosevi\u0107 Miladinovi\u0107 i promocijom monografije &#8220;Istorija promena&#8221; autora Olivere Mijailovi\u0107. Resavska biblioteka je Povelju Resavske biblioteke povodom 150 godina trajanja za posebne zasluge dodelila : Op\u0161tini Svilajnac, Ministarstvu kulture i informisanja Republike Srbije i prof. dr Desanki Stamatovi\u0107. Biblioteci je uru\u010dena Gramata koju joj je dodelila Eparhija po\u017eareva\u010dko-brani\u010devska. Direktora Resavske biblioteke Jelena Di\u0161i\u0107 Tomi\u0107 izjavila je da malo koja ustanova kulture bele\u017ei kontinuirano trajanje od vek i po, u vremenima koja nisu bila ni malo laka.<\/p>\n<p>&#8211; Resavska biblioteka je mesto koje ba\u0161tini tradiciju, istoriju, kulturno nasle\u0111e na\u0161eg grada, u njoj su se razvijale i dalje se razvijaju mnoge napredne ideje i inicijative, kao takva ona je stub kulture resavskog kraja. U istoriji na\u0161e ustanove smenjivale su se godine poleta, obnove i uzdizanja, sa \u010dinjenicama i doga\u0111ajima koji su ometali njen razvoj: neodgovaraju\u0107i sme\u0161taj, svetski ratovi, kada je zapaljen i uni\u0161ten dobar deo knji\u017eevnog fonda, zatim poplave, \u010deste selidbe, nedovoljna finansijska sredstva\u2026Ali od 1986. Resavska biblioteka je dobila svoj dom preseljenjem u ku\u0107u veletrgovca Mite Isakovi\u0107a, koja je zbog svoje arhitektornske vrednosti i istorijskog doprinosa obrazovanju i kulturi progla\u0161ena spomenikom kulture Odlukom Vlade Srbije 2001. godine. Uz podr\u0161ku op\u0161tine Svilajnac i Ministarstva kulture i informisanja ova zgrada je nedavno kompletno rekonstruisana, objasnila je ona.<\/p>\n<p><img loading=\"lazy\" decoding=\"async\" class=\"alignnone size-medium wp-image-14185\" src=\"http:\/\/centralmedia.rs\/wp-content\/uploads\/2018\/10\/Istorija-promena-izlo\u017eba-otvaranje-proslave-jubileja-300x200.jpg\" alt=\"\" width=\"300\" height=\"200\" srcset=\"https:\/\/centralmedia.rs\/wp-content\/uploads\/2018\/10\/Istorija-promena-izlo\u017eba-otvaranje-proslave-jubileja-300x200.jpg 300w, https:\/\/centralmedia.rs\/wp-content\/uploads\/2018\/10\/Istorija-promena-izlo\u017eba-otvaranje-proslave-jubileja-768x512.jpg 768w, https:\/\/centralmedia.rs\/wp-content\/uploads\/2018\/10\/Istorija-promena-izlo\u017eba-otvaranje-proslave-jubileja-630x420.jpg 630w, https:\/\/centralmedia.rs\/wp-content\/uploads\/2018\/10\/Istorija-promena-izlo\u017eba-otvaranje-proslave-jubileja-537x360.jpg 537w, https:\/\/centralmedia.rs\/wp-content\/uploads\/2018\/10\/Istorija-promena-izlo\u017eba-otvaranje-proslave-jubileja-640x427.jpg 640w, https:\/\/centralmedia.rs\/wp-content\/uploads\/2018\/10\/Istorija-promena-izlo\u017eba-otvaranje-proslave-jubileja-681x454.jpg 681w, https:\/\/centralmedia.rs\/wp-content\/uploads\/2018\/10\/Istorija-promena-izlo\u017eba-otvaranje-proslave-jubileja.jpg 960w\" sizes=\"(max-width: 300px) 100vw, 300px\" \/><\/p>\n<p>Resavska biblioteka, po\u010dela je kao \u010citaonica Dru\u0161tva omladine resavske 1868. godine, nikada nije prestajala sa radom i danas je zna\u010dajna dru\u0161tvena, kulturno obrazovna i prosvetna ustanova Resavskog kraja i Svilajnca. Ima oko70.000 knjiga iz svih sfera \u017eivota i \u010duva 11.537 ra\u017eli\u010ditih vrsta gra\u0111e na Zavi\u010djanom odeljenju. U njoj se \u010duvaju i knjiga za crkvenu upotrebu \u201ePosni triod\u201c, \u0161tampana u Lavovu oko 1620. godine kao i knjiga \u201eSerbianka\u201c Sime Milutinovica Sarajlije \u0161tampana u Lajpcigu 1826. godine. Biblioteka poseduje i zbirku minijatura koju \u010dini 41 primerak, a me\u0111u njima je i 11 primeraka umetnika Andru\u0161ka Karolja. Od 2001. godine do ove godine Biblioteku je posetilo 220.534 \u010ditaoca koji su pozajmili 475.764 knjige. Na proslavi jubileja nastupao je i Knja\u017eevsko srpski teatar iz Kragujevca sa dramskim prikazom pod nazivom \u201cNa\u0161e doma\u0107e stvari\u201d.<\/p>\n<p>&nbsp;<\/p>\n","protected":false},"excerpt":{"rendered":"<p>SVILAJNAC- Resavska biblioteka Svilajnac proslavila je sve\u010danom akademijom veliki jubilej \u2013 150 godina postojanja i rada.\u00a0 Obele\u017eavanje jubileja po\u010delo je otvranjem ekskluzivne izlo\u017ebe pod nazivom &hellip; <\/p>\n","protected":false},"author":2,"featured_media":14184,"comment_status":"open","ping_status":"open","sticky":false,"template":"","format":"standard","meta":{"footnotes":""},"categories":[1524,2,15,887,12,1517],"tags":[3160,879,38],"_links":{"self":[{"href":"https:\/\/centralmedia.rs\/index.php\/wp-json\/wp\/v2\/posts\/14183"}],"collection":[{"href":"https:\/\/centralmedia.rs\/index.php\/wp-json\/wp\/v2\/posts"}],"about":[{"href":"https:\/\/centralmedia.rs\/index.php\/wp-json\/wp\/v2\/types\/post"}],"author":[{"embeddable":true,"href":"https:\/\/centralmedia.rs\/index.php\/wp-json\/wp\/v2\/users\/2"}],"replies":[{"embeddable":true,"href":"https:\/\/centralmedia.rs\/index.php\/wp-json\/wp\/v2\/comments?post=14183"}],"version-history":[{"count":1,"href":"https:\/\/centralmedia.rs\/index.php\/wp-json\/wp\/v2\/posts\/14183\/revisions"}],"predecessor-version":[{"id":14186,"href":"https:\/\/centralmedia.rs\/index.php\/wp-json\/wp\/v2\/posts\/14183\/revisions\/14186"}],"wp:featuredmedia":[{"embeddable":true,"href":"https:\/\/centralmedia.rs\/index.php\/wp-json\/wp\/v2\/media\/14184"}],"wp:attachment":[{"href":"https:\/\/centralmedia.rs\/index.php\/wp-json\/wp\/v2\/media?parent=14183"}],"wp:term":[{"taxonomy":"category","embeddable":true,"href":"https:\/\/centralmedia.rs\/index.php\/wp-json\/wp\/v2\/categories?post=14183"},{"taxonomy":"post_tag","embeddable":true,"href":"https:\/\/centralmedia.rs\/index.php\/wp-json\/wp\/v2\/tags?post=14183"}],"curies":[{"name":"wp","href":"https:\/\/api.w.org\/{rel}","templated":true}]}}