{"id":1422,"date":"2015-12-06T09:33:58","date_gmt":"2015-12-06T09:33:58","guid":{"rendered":"http:\/\/centralmedia.rs\/?p=1422"},"modified":"2015-12-06T19:34:05","modified_gmt":"2015-12-06T19:34:05","slug":"samoubistvo-maloletnika","status":"publish","type":"post","link":"https:\/\/centralmedia.rs\/index.php\/2015\/12\/06\/samoubistvo-maloletnika\/","title":{"rendered":"SAMOUBISTVO MALOLETNIKA"},"content":{"rendered":"<p>\u0106UPRIJA-Milan Petrovi\u0107 (17) iz \u0106uprije izvr\u0161io je samoubistvo hicem iz pi\u0161tolja i  za sada nepoznatih razloga, potvr\u0111eno je u istrazi. Re\u010d je o u\u010deniku tre\u0107eg razreda srednje Medicinske \u0161kole u tom gradu, koji va\u017ei da odli\u010dnog u\u010denika i dobro dete. Milan je samoubistvo po\u010dinio iz o\u010devog pi\u0161tolja.  <\/p>\n","protected":false},"excerpt":{"rendered":"<p>\u0106UPRIJA-Milan Petrovi\u0107 (17) iz \u0106uprije izvr\u0161io je samoubistvo hicem iz pi\u0161tolja i za sada nepoznatih razloga, potvr\u0111eno je u istrazi. Re\u010d je o u\u010deniku tre\u0107eg &hellip; <\/p>\n","protected":false},"author":4,"featured_media":1427,"comment_status":"open","ping_status":"open","sticky":false,"template":"","format":"standard","meta":{"footnotes":""},"categories":[20],"tags":[44,313,312],"_links":{"self":[{"href":"https:\/\/centralmedia.rs\/index.php\/wp-json\/wp\/v2\/posts\/1422"}],"collection":[{"href":"https:\/\/centralmedia.rs\/index.php\/wp-json\/wp\/v2\/posts"}],"about":[{"href":"https:\/\/centralmedia.rs\/index.php\/wp-json\/wp\/v2\/types\/post"}],"author":[{"embeddable":true,"href":"https:\/\/centralmedia.rs\/index.php\/wp-json\/wp\/v2\/users\/4"}],"replies":[{"embeddable":true,"href":"https:\/\/centralmedia.rs\/index.php\/wp-json\/wp\/v2\/comments?post=1422"}],"version-history":[{"count":0,"href":"https:\/\/centralmedia.rs\/index.php\/wp-json\/wp\/v2\/posts\/1422\/revisions"}],"wp:featuredmedia":[{"embeddable":true,"href":"https:\/\/centralmedia.rs\/index.php\/wp-json\/wp\/v2\/media\/1427"}],"wp:attachment":[{"href":"https:\/\/centralmedia.rs\/index.php\/wp-json\/wp\/v2\/media?parent=1422"}],"wp:term":[{"taxonomy":"category","embeddable":true,"href":"https:\/\/centralmedia.rs\/index.php\/wp-json\/wp\/v2\/categories?post=1422"},{"taxonomy":"post_tag","embeddable":true,"href":"https:\/\/centralmedia.rs\/index.php\/wp-json\/wp\/v2\/tags?post=1422"}],"curies":[{"name":"wp","href":"https:\/\/api.w.org\/{rel}","templated":true}]}}