{"id":14226,"date":"2018-10-04T13:47:23","date_gmt":"2018-10-04T13:47:23","guid":{"rendered":"http:\/\/centralmedia.rs\/?p=14226"},"modified":"2018-10-08T21:53:00","modified_gmt":"2018-10-08T21:53:00","slug":"u-susret-danu-opstine-cuprija","status":"publish","type":"post","link":"https:\/\/centralmedia.rs\/index.php\/2018\/10\/04\/u-susret-danu-opstine-cuprija\/","title":{"rendered":"U SUSRET DANU OP\u0160TINE \u0106UPRIJA"},"content":{"rendered":"<p>\u0106UPRIJA- Dan Op\u0161tine \u0106uprija 13. oktobar bi\u0107e obele\u017een sa vrhunskim programima u Muzeju Horeum Margi-Ravno 11 oktobra bi\u0107e otvorena izlo\u017eba slika jednog od najve\u0107ih srpskih slikara Uro\u0161a Predi\u0107a, 12. oktobra je 73. Uli\u010dna trka Aleksandar Aca Petrovi\u0107. 13. oktobra je koncert Sanje ili\u0107a i Balkanike i 14. oktobra pozori\u0161na predstava Histerija.<\/p>\n<p><img loading=\"lazy\" decoding=\"async\" class=\"alignnone wp-image-14228 size-large\" src=\"http:\/\/centralmedia.rs\/wp-content\/uploads\/2018\/10\/dan-opstine-1024x768.jpg\" alt=\"\" width=\"640\" height=\"480\" srcset=\"https:\/\/centralmedia.rs\/wp-content\/uploads\/2018\/10\/dan-opstine-1024x768.jpg 1024w, https:\/\/centralmedia.rs\/wp-content\/uploads\/2018\/10\/dan-opstine-300x225.jpg 300w, https:\/\/centralmedia.rs\/wp-content\/uploads\/2018\/10\/dan-opstine-768x576.jpg 768w, https:\/\/centralmedia.rs\/wp-content\/uploads\/2018\/10\/dan-opstine-560x420.jpg 560w, https:\/\/centralmedia.rs\/wp-content\/uploads\/2018\/10\/dan-opstine-80x60.jpg 80w, https:\/\/centralmedia.rs\/wp-content\/uploads\/2018\/10\/dan-opstine-100x75.jpg 100w, https:\/\/centralmedia.rs\/wp-content\/uploads\/2018\/10\/dan-opstine-180x135.jpg 180w, https:\/\/centralmedia.rs\/wp-content\/uploads\/2018\/10\/dan-opstine-238x178.jpg 238w, https:\/\/centralmedia.rs\/wp-content\/uploads\/2018\/10\/dan-opstine-640x480.jpg 640w, https:\/\/centralmedia.rs\/wp-content\/uploads\/2018\/10\/dan-opstine-681x511.jpg 681w, https:\/\/centralmedia.rs\/wp-content\/uploads\/2018\/10\/dan-opstine.jpg 1050w\" sizes=\"(max-width: 640px) 100vw, 640px\" \/><\/p>\n<p>&nbsp;<\/p>\n","protected":false},"excerpt":{"rendered":"<p>\u0106UPRIJA- Dan Op\u0161tine \u0106uprija 13. oktobar bi\u0107e obele\u017een sa vrhunskim programima u Muzeju Horeum Margi-Ravno 11 oktobra bi\u0107e otvorena izlo\u017eba slika jednog od najve\u0107ih srpskih &hellip; <\/p>\n","protected":false},"author":2,"featured_media":14228,"comment_status":"open","ping_status":"open","sticky":false,"template":"","format":"standard","meta":{"footnotes":""},"categories":[1515,14,1524,2,887,12],"tags":[1292,1613,44,1898,3170,123,3169],"_links":{"self":[{"href":"https:\/\/centralmedia.rs\/index.php\/wp-json\/wp\/v2\/posts\/14226"}],"collection":[{"href":"https:\/\/centralmedia.rs\/index.php\/wp-json\/wp\/v2\/posts"}],"about":[{"href":"https:\/\/centralmedia.rs\/index.php\/wp-json\/wp\/v2\/types\/post"}],"author":[{"embeddable":true,"href":"https:\/\/centralmedia.rs\/index.php\/wp-json\/wp\/v2\/users\/2"}],"replies":[{"embeddable":true,"href":"https:\/\/centralmedia.rs\/index.php\/wp-json\/wp\/v2\/comments?post=14226"}],"version-history":[{"count":4,"href":"https:\/\/centralmedia.rs\/index.php\/wp-json\/wp\/v2\/posts\/14226\/revisions"}],"predecessor-version":[{"id":14232,"href":"https:\/\/centralmedia.rs\/index.php\/wp-json\/wp\/v2\/posts\/14226\/revisions\/14232"}],"wp:featuredmedia":[{"embeddable":true,"href":"https:\/\/centralmedia.rs\/index.php\/wp-json\/wp\/v2\/media\/14228"}],"wp:attachment":[{"href":"https:\/\/centralmedia.rs\/index.php\/wp-json\/wp\/v2\/media?parent=14226"}],"wp:term":[{"taxonomy":"category","embeddable":true,"href":"https:\/\/centralmedia.rs\/index.php\/wp-json\/wp\/v2\/categories?post=14226"},{"taxonomy":"post_tag","embeddable":true,"href":"https:\/\/centralmedia.rs\/index.php\/wp-json\/wp\/v2\/tags?post=14226"}],"curies":[{"name":"wp","href":"https:\/\/api.w.org\/{rel}","templated":true}]}}