{"id":14249,"date":"2018-10-07T18:06:59","date_gmt":"2018-10-07T18:06:59","guid":{"rendered":"http:\/\/centralmedia.rs\/?p=14249"},"modified":"2018-10-11T14:14:41","modified_gmt":"2018-10-11T14:14:41","slug":"zavrsen-2-dino-pozorisni-festic-u-svilajncu","status":"publish","type":"post","link":"https:\/\/centralmedia.rs\/index.php\/2018\/10\/07\/zavrsen-2-dino-pozorisni-festic-u-svilajncu\/","title":{"rendered":"ZAVR\u0160EN 2. DINO POZORI\u0160NI FESTI\u0106 U SVILAJNCU"},"content":{"rendered":"<p>SVILAJNAC- 2. Dino pozori\u0161ni festi\u0107 odr\u017ean je u organizaciji Prirodnja\u010dkog centra Srbije u sali \u00a0Centra za kulturu Svilajnac. U\u010destvovali su ma\u0111ioni\u010dar Igor Trifunov i predstave \u010cUDNA \u0160UMA u izvo\u0111enju de\u010dijeg pozori\u0161ta TEATRI\u0106, plesna predstava \u00a0PIRATI u izvo\u0111enju UNA SAGA SERBICA i predstava TAJNA BAKINOG TAVAN\u010cETA u izvo\u0111enju de\u010dijeg pozori\u0161ta TALIJA.<\/p>\n<p>&#8211; Oko 400 dece iz seoskih i gradskih \u0161kola pratilo je festival, oni us aktivno u\u010detvovali u svakoj predstavi, dru\u017eili se sa glumcima i animatorima centra. U oktobru nas o\u010dekuju nastupi na Sajmu u Para\u0107inu i predstvljanje projekta digitalizacije u kulturi na seminatima, ka\u017ee direktor centra prof dr Sanja \u0110ur\u0111evi\u0107.<\/p>\n<div id='gallery-1' class='gallery galleryid-14249 gallery-columns-2 gallery-size-full'><figure class='gallery-item'>\n\t\t\t<div class='gallery-icon landscape'>\n\t\t\t\t<a href='https:\/\/centralmedia.rs\/index.php\/2018\/10\/07\/zavrsen-2-dino-pozorisni-festic-u-svilajncu\/festic-2\/'><img loading=\"lazy\" decoding=\"async\" width=\"2016\" height=\"980\" src=\"https:\/\/centralmedia.rs\/wp-content\/uploads\/2018\/10\/festic-2.jpg\" class=\"attachment-full size-full\" alt=\"\" srcset=\"https:\/\/centralmedia.rs\/wp-content\/uploads\/2018\/10\/festic-2.jpg 2016w, https:\/\/centralmedia.rs\/wp-content\/uploads\/2018\/10\/festic-2-300x146.jpg 300w, https:\/\/centralmedia.rs\/wp-content\/uploads\/2018\/10\/festic-2-768x373.jpg 768w, https:\/\/centralmedia.rs\/wp-content\/uploads\/2018\/10\/festic-2-1024x498.jpg 1024w, https:\/\/centralmedia.rs\/wp-content\/uploads\/2018\/10\/festic-2-864x420.jpg 864w, https:\/\/centralmedia.rs\/wp-content\/uploads\/2018\/10\/festic-2-640x311.jpg 640w, https:\/\/centralmedia.rs\/wp-content\/uploads\/2018\/10\/festic-2-681x331.jpg 681w\" sizes=\"(max-width: 2016px) 100vw, 2016px\" \/><\/a>\n\t\t\t<\/div><\/figure><figure class='gallery-item'>\n\t\t\t<div class='gallery-icon landscape'>\n\t\t\t\t<a href='https:\/\/centralmedia.rs\/index.php\/2018\/10\/07\/zavrsen-2-dino-pozorisni-festic-u-svilajncu\/festic-3\/'><img loading=\"lazy\" decoding=\"async\" width=\"2016\" height=\"980\" src=\"https:\/\/centralmedia.rs\/wp-content\/uploads\/2018\/10\/festic-3.jpg\" class=\"attachment-full size-full\" alt=\"\" srcset=\"https:\/\/centralmedia.rs\/wp-content\/uploads\/2018\/10\/festic-3.jpg 2016w, https:\/\/centralmedia.rs\/wp-content\/uploads\/2018\/10\/festic-3-300x146.jpg 300w, https:\/\/centralmedia.rs\/wp-content\/uploads\/2018\/10\/festic-3-768x373.jpg 768w, https:\/\/centralmedia.rs\/wp-content\/uploads\/2018\/10\/festic-3-1024x498.jpg 1024w, https:\/\/centralmedia.rs\/wp-content\/uploads\/2018\/10\/festic-3-864x420.jpg 864w, https:\/\/centralmedia.rs\/wp-content\/uploads\/2018\/10\/festic-3-640x311.jpg 640w, https:\/\/centralmedia.rs\/wp-content\/uploads\/2018\/10\/festic-3-681x331.jpg 681w\" sizes=\"(max-width: 2016px) 100vw, 2016px\" \/><\/a>\n\t\t\t<\/div><\/figure>\n\t\t<\/div>\n\n","protected":false},"excerpt":{"rendered":"<p>SVILAJNAC- 2. Dino pozori\u0161ni festi\u0107 odr\u017ean je u organizaciji Prirodnja\u010dkog centra Srbije u sali \u00a0Centra za kulturu Svilajnac. U\u010destvovali su ma\u0111ioni\u010dar Igor Trifunov i predstave &hellip; <\/p>\n","protected":false},"author":2,"featured_media":14250,"comment_status":"open","ping_status":"open","sticky":false,"template":"","format":"standard","meta":{"footnotes":""},"categories":[1524,2,23,887,1517,30],"tags":[3176,38],"_links":{"self":[{"href":"https:\/\/centralmedia.rs\/index.php\/wp-json\/wp\/v2\/posts\/14249"}],"collection":[{"href":"https:\/\/centralmedia.rs\/index.php\/wp-json\/wp\/v2\/posts"}],"about":[{"href":"https:\/\/centralmedia.rs\/index.php\/wp-json\/wp\/v2\/types\/post"}],"author":[{"embeddable":true,"href":"https:\/\/centralmedia.rs\/index.php\/wp-json\/wp\/v2\/users\/2"}],"replies":[{"embeddable":true,"href":"https:\/\/centralmedia.rs\/index.php\/wp-json\/wp\/v2\/comments?post=14249"}],"version-history":[{"count":1,"href":"https:\/\/centralmedia.rs\/index.php\/wp-json\/wp\/v2\/posts\/14249\/revisions"}],"predecessor-version":[{"id":14253,"href":"https:\/\/centralmedia.rs\/index.php\/wp-json\/wp\/v2\/posts\/14249\/revisions\/14253"}],"wp:featuredmedia":[{"embeddable":true,"href":"https:\/\/centralmedia.rs\/index.php\/wp-json\/wp\/v2\/media\/14250"}],"wp:attachment":[{"href":"https:\/\/centralmedia.rs\/index.php\/wp-json\/wp\/v2\/media?parent=14249"}],"wp:term":[{"taxonomy":"category","embeddable":true,"href":"https:\/\/centralmedia.rs\/index.php\/wp-json\/wp\/v2\/categories?post=14249"},{"taxonomy":"post_tag","embeddable":true,"href":"https:\/\/centralmedia.rs\/index.php\/wp-json\/wp\/v2\/tags?post=14249"}],"curies":[{"name":"wp","href":"https:\/\/api.w.org\/{rel}","templated":true}]}}