{"id":14254,"date":"2018-10-08T14:43:21","date_gmt":"2018-10-08T14:43:21","guid":{"rendered":"http:\/\/centralmedia.rs\/?p=14254"},"modified":"2018-10-11T14:14:32","modified_gmt":"2018-10-11T14:14:32","slug":"izlozba-slika-urosa-predica-u-cupriji","status":"publish","type":"post","link":"https:\/\/centralmedia.rs\/index.php\/2018\/10\/08\/izlozba-slika-urosa-predica-u-cupriji\/","title":{"rendered":"IZLO\u017dBA SLIKA URO\u0160A PREDI\u0106A U \u0106UPRIJI"},"content":{"rendered":"<p>\u0106UPRIJA- Povodom Dana op\u0161tine \u0106uprija, a u okviru projekta &#8220;Dela velika 20. veka&#8221;, u \u010detvrtak u 20 sati u Muzeju Horeum Margi- Ravno bi\u0107e uprili\u010dena izlo\u017eba slika i crte\u017ea Uro\u0161a Predi\u0107a, jednog od tri najve\u0107a srpska realista. Bi\u0107e izlo\u017eeno 18 originalnih dela a me\u0111u njima je i portret Aleksandra Prvog Kara\u0111or\u0111evi\u0107a, ulje na platnu, koga je Predi\u0107 naslikao 1923. godine.<\/p>\n","protected":false},"excerpt":{"rendered":"<p>\u0106UPRIJA- Povodom Dana op\u0161tine \u0106uprija, a u okviru projekta &#8220;Dela velika 20. veka&#8221;, u \u010detvrtak u 20 sati u Muzeju Horeum Margi- Ravno bi\u0107e uprili\u010dena &hellip; <\/p>\n","protected":false},"author":2,"featured_media":14255,"comment_status":"open","ping_status":"open","sticky":false,"template":"","format":"standard","meta":{"footnotes":""},"categories":[1515,1524,2,15,887,12],"tags":[44,605,1401,3177,3169],"_links":{"self":[{"href":"https:\/\/centralmedia.rs\/index.php\/wp-json\/wp\/v2\/posts\/14254"}],"collection":[{"href":"https:\/\/centralmedia.rs\/index.php\/wp-json\/wp\/v2\/posts"}],"about":[{"href":"https:\/\/centralmedia.rs\/index.php\/wp-json\/wp\/v2\/types\/post"}],"author":[{"embeddable":true,"href":"https:\/\/centralmedia.rs\/index.php\/wp-json\/wp\/v2\/users\/2"}],"replies":[{"embeddable":true,"href":"https:\/\/centralmedia.rs\/index.php\/wp-json\/wp\/v2\/comments?post=14254"}],"version-history":[{"count":1,"href":"https:\/\/centralmedia.rs\/index.php\/wp-json\/wp\/v2\/posts\/14254\/revisions"}],"predecessor-version":[{"id":14256,"href":"https:\/\/centralmedia.rs\/index.php\/wp-json\/wp\/v2\/posts\/14254\/revisions\/14256"}],"wp:featuredmedia":[{"embeddable":true,"href":"https:\/\/centralmedia.rs\/index.php\/wp-json\/wp\/v2\/media\/14255"}],"wp:attachment":[{"href":"https:\/\/centralmedia.rs\/index.php\/wp-json\/wp\/v2\/media?parent=14254"}],"wp:term":[{"taxonomy":"category","embeddable":true,"href":"https:\/\/centralmedia.rs\/index.php\/wp-json\/wp\/v2\/categories?post=14254"},{"taxonomy":"post_tag","embeddable":true,"href":"https:\/\/centralmedia.rs\/index.php\/wp-json\/wp\/v2\/tags?post=14254"}],"curies":[{"name":"wp","href":"https:\/\/api.w.org\/{rel}","templated":true}]}}