{"id":14297,"date":"2018-10-09T10:17:21","date_gmt":"2018-10-09T10:17:21","guid":{"rendered":"http:\/\/centralmedia.rs\/?p=14297"},"modified":"2018-10-11T14:09:12","modified_gmt":"2018-10-11T14:09:12","slug":"tragedija-na-autoputu-kod-jagodine","status":"publish","type":"post","link":"https:\/\/centralmedia.rs\/index.php\/2018\/10\/09\/tragedija-na-autoputu-kod-jagodine\/","title":{"rendered":"TRAGEDIJA NA AUTOPUTU KOD JAGODINE"},"content":{"rendered":"<p>JAGODINA- U lan\u010danom sudaru 16 kamiona i 18 automobila na autoputu kod Jagodine poginulo je 7 lica, dok je 25 lica te\u017ee i lak\u0161e povre\u0111eno, potvrdili su istra\u017eni organi. Povre\u0111eni i poginuli su strani i dr\u017eavljani Srbije. Jutros oko 7.30 u obe trake u desetak minuta dogodila su se dva lan\u010dana sudara \u00a0u obe trake autoputa u visini sela Mijatovac i Kon\u010darevo. U traci Ni\u0161 &#8211; Beograd su poginula tri lica i povre\u0111eno 15, u nesre\u0107i je u\u010desvovalo je 9 kamiona i 14 automobila. U traci Beograd &#8211; Ni\u0161 poginulo je 4 lica, dok je 10 povre\u0111eno, u sudaru je u\u010destvovalo 7 kamiona i 4 automobila. Kako saznajemo u saobra\u0107ajnoj nezgodi u\u010destvovala su vozila sa registracijama \u0160vajcarske i Srbije.<\/p>\n<p><img loading=\"lazy\" decoding=\"async\" class=\"alignnone wp-image-14299 size-large\" src=\"http:\/\/centralmedia.rs\/wp-content\/uploads\/2018\/10\/viber-image-4-768x1024.jpg\" alt=\"\" width=\"640\" height=\"853\" srcset=\"https:\/\/centralmedia.rs\/wp-content\/uploads\/2018\/10\/viber-image-4-768x1024.jpg 768w, https:\/\/centralmedia.rs\/wp-content\/uploads\/2018\/10\/viber-image-4-225x300.jpg 225w, https:\/\/centralmedia.rs\/wp-content\/uploads\/2018\/10\/viber-image-4-315x420.jpg 315w, https:\/\/centralmedia.rs\/wp-content\/uploads\/2018\/10\/viber-image-4-640x853.jpg 640w, https:\/\/centralmedia.rs\/wp-content\/uploads\/2018\/10\/viber-image-4-681x908.jpg 681w, https:\/\/centralmedia.rs\/wp-content\/uploads\/2018\/10\/viber-image-4.jpg 960w\" sizes=\"(max-width: 640px) 100vw, 640px\" \/><\/p>\n<p>-Iz vozila sa registarcijama \u0160vajcarske izvukli smo tri poginula lica, iz kamiona sa na\u0161im tablicama jo\u0161 jedno poginulo lice, ka\u017eu u jagodinskoj hitnoj pomo\u0107i.<\/p>\n<p>-Stravi\u010dna nesre\u0107a, veliki broj povre\u0111enih. Sve \u010dinimo da pomognemo nesre\u0107nim ljudima. Me\u0111u povre\u0111enima su i strani dr\u017eavljani, ka\u017eu u \u0107uprijskoj bolnici.<\/p>\n","protected":false},"excerpt":{"rendered":"<p>JAGODINA- U lan\u010danom sudaru 16 kamiona i 18 automobila na autoputu kod Jagodine poginulo je 7 lica, dok je 25 lica te\u017ee i lak\u0161e povre\u0111eno, &hellip; <\/p>\n","protected":false},"author":2,"featured_media":14298,"comment_status":"open","ping_status":"open","sticky":false,"template":"","format":"standard","meta":{"footnotes":""},"categories":[1524,20,2,1514,12],"tags":[360,58,1854],"_links":{"self":[{"href":"https:\/\/centralmedia.rs\/index.php\/wp-json\/wp\/v2\/posts\/14297"}],"collection":[{"href":"https:\/\/centralmedia.rs\/index.php\/wp-json\/wp\/v2\/posts"}],"about":[{"href":"https:\/\/centralmedia.rs\/index.php\/wp-json\/wp\/v2\/types\/post"}],"author":[{"embeddable":true,"href":"https:\/\/centralmedia.rs\/index.php\/wp-json\/wp\/v2\/users\/2"}],"replies":[{"embeddable":true,"href":"https:\/\/centralmedia.rs\/index.php\/wp-json\/wp\/v2\/comments?post=14297"}],"version-history":[{"count":1,"href":"https:\/\/centralmedia.rs\/index.php\/wp-json\/wp\/v2\/posts\/14297\/revisions"}],"predecessor-version":[{"id":14300,"href":"https:\/\/centralmedia.rs\/index.php\/wp-json\/wp\/v2\/posts\/14297\/revisions\/14300"}],"wp:featuredmedia":[{"embeddable":true,"href":"https:\/\/centralmedia.rs\/index.php\/wp-json\/wp\/v2\/media\/14298"}],"wp:attachment":[{"href":"https:\/\/centralmedia.rs\/index.php\/wp-json\/wp\/v2\/media?parent=14297"}],"wp:term":[{"taxonomy":"category","embeddable":true,"href":"https:\/\/centralmedia.rs\/index.php\/wp-json\/wp\/v2\/categories?post=14297"},{"taxonomy":"post_tag","embeddable":true,"href":"https:\/\/centralmedia.rs\/index.php\/wp-json\/wp\/v2\/tags?post=14297"}],"curies":[{"name":"wp","href":"https:\/\/api.w.org\/{rel}","templated":true}]}}