{"id":1430,"date":"2015-12-06T19:43:56","date_gmt":"2015-12-06T19:43:56","guid":{"rendered":"http:\/\/centralmedia.rs\/?p=1430"},"modified":"2015-12-07T05:16:58","modified_gmt":"2015-12-07T05:16:58","slug":"samoubistvo-sedamnaestogodisnjaka-u-cupriji","status":"publish","type":"post","link":"https:\/\/centralmedia.rs\/index.php\/2015\/12\/06\/samoubistvo-sedamnaestogodisnjaka-u-cupriji\/","title":{"rendered":"SAMOUBISTVO SEDAMNAESTOGODI\u0160NJAKA U \u0106UPRIJI"},"content":{"rendered":"<p>\u0106UPRIJA-Milan Petrovi\u0107 (17) iz \u0106uprije izvr\u0161io je u subotu uve\u010de samoubistvo hicem iz pi\u0161tolja i za sada nepoznatih razloga. Samobistvo je po\u010dinjeno u roditeljskoj ku\u0107i iz pi\u0161tolja \u010diji je vlasnik Milanov otac. De\u010dak je va\u017eio da dobrog druga, bio je odli\u010dan u\u010denik tre\u0107eg razreda  Medicinske \u0161kole.<br \/>\n\t-Ne mo\u017eemo da poverujemo \u0161ta se dogodilo. Ni\u0161ta nije ukazivalo na tako ne\u0161to. Re\u010d je o veselom tinejd\u017eeru, odli\u010dnom u\u010deniku. Bio je omiljen u \u0161koli, voleli su da nastavnici i drugari iz razreda. Dru\u017eio se u\u010denicima iz susednih gradova i \u010desto tamo odlazi u provod, ka\u017eu u \u0161koli.<br \/>\nNjegovi drugari su u neverici, jer se Milan nikome nije \u017ealio da ima neke probleme. Sve je bilo normalno do kriti\u010dnog trenutka u subotu uve\u010de.<br \/>\n\t-Za\u0161to se Milan odlu\u010dio da sebe prekrati \u017eivot na ovaj na\u010din to samo on zna. Ta tajna \u0107e zauvek sa njim oti\u0107i u grob. Za nas je to veliki \u0161ok, sve \u0161to se dogodilo je nestvarno, do ju\u010de smo sedeli u klupi i u razredu. U\u010dili zajedno, pripremali ve\u010dernji izazak za vikend, razgovarali o novogodi\u0161njem do\u010deku\u2026Sve se pretvorilo u tren kada je, zamo on zna za\u0161to, izvr\u0161io samoubistvo . Njega vi\u0161e nema i to je najgore i najpotresnije. Jedan mladi \u017eivot se ugasio,  pri\u010daju njegovi drugovi iz Medicinske \u0161kole u \u0106upriji.<br \/>\nOn je, po re\u010dima drugova bio najbolji drug osamnaestogodi\u0161njka iz Jagodine koji je tragi\u010dno izgubio \u017eivot u padu sa  motorcikla u avgustu u glavnoj ulici u \u0106upriji. Porodica Petrovi\u0107 u \u0106upriji je poznata po po\u0161tenju, \u010destitosti i marljivosti.<\/p>\n<p>SVA\u0110A<br \/>\nMilanovom samoubistvu predhodila je sva\u0111a sa roditeljima, pri\u010daju Milanovi prijatelji. On je u subotu bio na ro\u0111endanskoj zabavi, ali se ranije vratio ku\u0107i.<br \/>\n-Pri\u010dao je ne\u0161to nepovezano, rekao da se sva\u0111ao ku\u0107i, da mu je svega dosta, kao i da \u0107e sve jednom morati da se re\u0161i, ka\u017eu oni.<br \/>\nOni su to shvatili kao uobi\u010dajenu epizodu iz njihovih \u017eivota i razmirica sa roditeljima, te nisu tome pridali toliku pa\u017enju. Njegovo mrtvo telo u porodi\u010dnoj ku\u0107i prona\u0161li su baka i deka. <\/p>\n","protected":false},"excerpt":{"rendered":"<p>\u0106UPRIJA-Milan Petrovi\u0107 (17) iz \u0106uprije izvr\u0161io je u subotu uve\u010de samoubistvo hicem iz pi\u0161tolja i za sada nepoznatih razloga. Samobistvo je po\u010dinjeno u roditeljskoj ku\u0107i &hellip; <\/p>\n","protected":false},"author":4,"featured_media":1427,"comment_status":"open","ping_status":"open","sticky":false,"template":"","format":"standard","meta":{"footnotes":""},"categories":[20,2,12],"tags":[44,312,314],"_links":{"self":[{"href":"https:\/\/centralmedia.rs\/index.php\/wp-json\/wp\/v2\/posts\/1430"}],"collection":[{"href":"https:\/\/centralmedia.rs\/index.php\/wp-json\/wp\/v2\/posts"}],"about":[{"href":"https:\/\/centralmedia.rs\/index.php\/wp-json\/wp\/v2\/types\/post"}],"author":[{"embeddable":true,"href":"https:\/\/centralmedia.rs\/index.php\/wp-json\/wp\/v2\/users\/4"}],"replies":[{"embeddable":true,"href":"https:\/\/centralmedia.rs\/index.php\/wp-json\/wp\/v2\/comments?post=1430"}],"version-history":[{"count":0,"href":"https:\/\/centralmedia.rs\/index.php\/wp-json\/wp\/v2\/posts\/1430\/revisions"}],"wp:featuredmedia":[{"embeddable":true,"href":"https:\/\/centralmedia.rs\/index.php\/wp-json\/wp\/v2\/media\/1427"}],"wp:attachment":[{"href":"https:\/\/centralmedia.rs\/index.php\/wp-json\/wp\/v2\/media?parent=1430"}],"wp:term":[{"taxonomy":"category","embeddable":true,"href":"https:\/\/centralmedia.rs\/index.php\/wp-json\/wp\/v2\/categories?post=1430"},{"taxonomy":"post_tag","embeddable":true,"href":"https:\/\/centralmedia.rs\/index.php\/wp-json\/wp\/v2\/tags?post=1430"}],"curies":[{"name":"wp","href":"https:\/\/api.w.org\/{rel}","templated":true}]}}