{"id":14301,"date":"2018-10-09T11:52:27","date_gmt":"2018-10-09T11:52:27","guid":{"rendered":"http:\/\/centralmedia.rs\/?p=14301"},"modified":"2018-10-09T11:52:43","modified_gmt":"2018-10-09T11:52:43","slug":"saopstenje-policije-o-tragicnoj-saobracajnoj-nesreci","status":"publish","type":"post","link":"https:\/\/centralmedia.rs\/index.php\/2018\/10\/09\/saopstenje-policije-o-tragicnoj-saobracajnoj-nesreci\/","title":{"rendered":"SAOP\u0160TENJE POLICIJE O TRAGI\u010cNOJ SAOBRA\u0106AJNOJ NESRE\u0106I (FOTO)"},"content":{"rendered":"<p>JAGODINA- Na auto-putu kod Jagodine, danas oko 7.20 sati do\u0161lo je do lan\u010danih sudara, u oba smera, u kojima je \u017eivot izgubilo sedam osoba. Medicinska pomo\u0107 ukazana je 27 osoba, od kojih je 17 zadr\u017eano na le\u010denju.<\/p>\n<div id='gallery-1' class='gallery galleryid-14301 gallery-columns-2 gallery-size-full'><figure class='gallery-item'>\n\t\t\t<div class='gallery-icon landscape'>\n\t\t\t\t<a href='https:\/\/centralmedia.rs\/index.php\/2018\/10\/09\/saopstenje-policije-o-tragicnoj-saobracajnoj-nesreci\/viber-image-5\/'><img loading=\"lazy\" decoding=\"async\" width=\"1280\" height=\"960\" src=\"https:\/\/centralmedia.rs\/wp-content\/uploads\/2018\/10\/viber-image-5.jpg\" class=\"attachment-full size-full\" alt=\"\" srcset=\"https:\/\/centralmedia.rs\/wp-content\/uploads\/2018\/10\/viber-image-5.jpg 1280w, https:\/\/centralmedia.rs\/wp-content\/uploads\/2018\/10\/viber-image-5-300x225.jpg 300w, https:\/\/centralmedia.rs\/wp-content\/uploads\/2018\/10\/viber-image-5-768x576.jpg 768w, https:\/\/centralmedia.rs\/wp-content\/uploads\/2018\/10\/viber-image-5-1024x768.jpg 1024w, https:\/\/centralmedia.rs\/wp-content\/uploads\/2018\/10\/viber-image-5-560x420.jpg 560w, https:\/\/centralmedia.rs\/wp-content\/uploads\/2018\/10\/viber-image-5-80x60.jpg 80w, https:\/\/centralmedia.rs\/wp-content\/uploads\/2018\/10\/viber-image-5-100x75.jpg 100w, https:\/\/centralmedia.rs\/wp-content\/uploads\/2018\/10\/viber-image-5-180x135.jpg 180w, https:\/\/centralmedia.rs\/wp-content\/uploads\/2018\/10\/viber-image-5-238x178.jpg 238w, https:\/\/centralmedia.rs\/wp-content\/uploads\/2018\/10\/viber-image-5-640x480.jpg 640w, https:\/\/centralmedia.rs\/wp-content\/uploads\/2018\/10\/viber-image-5-681x511.jpg 681w\" sizes=\"(max-width: 1280px) 100vw, 1280px\" \/><\/a>\n\t\t\t<\/div><\/figure><figure class='gallery-item'>\n\t\t\t<div class='gallery-icon landscape'>\n\t\t\t\t<a href='https:\/\/centralmedia.rs\/index.php\/2018\/10\/09\/saopstenje-policije-o-tragicnoj-saobracajnoj-nesreci\/viber-image-6\/'><img loading=\"lazy\" decoding=\"async\" width=\"1280\" height=\"960\" src=\"https:\/\/centralmedia.rs\/wp-content\/uploads\/2018\/10\/viber-image-6.jpg\" class=\"attachment-full size-full\" alt=\"\" srcset=\"https:\/\/centralmedia.rs\/wp-content\/uploads\/2018\/10\/viber-image-6.jpg 1280w, https:\/\/centralmedia.rs\/wp-content\/uploads\/2018\/10\/viber-image-6-300x225.jpg 300w, https:\/\/centralmedia.rs\/wp-content\/uploads\/2018\/10\/viber-image-6-768x576.jpg 768w, https:\/\/centralmedia.rs\/wp-content\/uploads\/2018\/10\/viber-image-6-1024x768.jpg 1024w, https:\/\/centralmedia.rs\/wp-content\/uploads\/2018\/10\/viber-image-6-560x420.jpg 560w, https:\/\/centralmedia.rs\/wp-content\/uploads\/2018\/10\/viber-image-6-80x60.jpg 80w, https:\/\/centralmedia.rs\/wp-content\/uploads\/2018\/10\/viber-image-6-100x75.jpg 100w, https:\/\/centralmedia.rs\/wp-content\/uploads\/2018\/10\/viber-image-6-180x135.jpg 180w, https:\/\/centralmedia.rs\/wp-content\/uploads\/2018\/10\/viber-image-6-238x178.jpg 238w, https:\/\/centralmedia.rs\/wp-content\/uploads\/2018\/10\/viber-image-6-640x480.jpg 640w, https:\/\/centralmedia.rs\/wp-content\/uploads\/2018\/10\/viber-image-6-681x511.jpg 681w\" sizes=\"(max-width: 1280px) 100vw, 1280px\" \/><\/a>\n\t\t\t<\/div><\/figure>\n\t\t<\/div>\n\n<p>Uvi\u0111aj je u toku, a do saobra\u0107ajne nezgode, u kojoj je u\u010destvovalo 34 vozila, je najverovatnije do\u0161lo usled slabe vidljivosti uzrokovane maglom.<\/p>\n<p>Na licu mesta nalaze se pripadnici Uprave saobra\u0107ajne policije i Sektora za vanredne situacije.<\/p>\n<p>Povre\u0111eni su zbrinuti u Op\u0161tim bolnicama u Jagodini, \u0106upriji i Para\u0107inu.<\/p>\n<p>Saobra\u0107aj se preusmerava na alternativne pravce, iz smera ka Ni\u0161u preko Jagodine, a iz smera ka Beogradu preko \u0106uprije.<\/p>\n<p><strong>\u00a0<\/strong><\/p>\n<p>&nbsp;<\/p>\n","protected":false},"excerpt":{"rendered":"<p>JAGODINA- Na auto-putu kod Jagodine, danas oko 7.20 sati do\u0161lo je do lan\u010danih sudara, u oba smera, u kojima je \u017eivot izgubilo sedam osoba. Medicinska &hellip; <\/p>\n","protected":false},"author":2,"featured_media":14302,"comment_status":"open","ping_status":"open","sticky":false,"template":"","format":"standard","meta":{"footnotes":""},"categories":[1524,20,2,1514,12],"tags":[58,212,3186],"_links":{"self":[{"href":"https:\/\/centralmedia.rs\/index.php\/wp-json\/wp\/v2\/posts\/14301"}],"collection":[{"href":"https:\/\/centralmedia.rs\/index.php\/wp-json\/wp\/v2\/posts"}],"about":[{"href":"https:\/\/centralmedia.rs\/index.php\/wp-json\/wp\/v2\/types\/post"}],"author":[{"embeddable":true,"href":"https:\/\/centralmedia.rs\/index.php\/wp-json\/wp\/v2\/users\/2"}],"replies":[{"embeddable":true,"href":"https:\/\/centralmedia.rs\/index.php\/wp-json\/wp\/v2\/comments?post=14301"}],"version-history":[{"count":2,"href":"https:\/\/centralmedia.rs\/index.php\/wp-json\/wp\/v2\/posts\/14301\/revisions"}],"predecessor-version":[{"id":14306,"href":"https:\/\/centralmedia.rs\/index.php\/wp-json\/wp\/v2\/posts\/14301\/revisions\/14306"}],"wp:featuredmedia":[{"embeddable":true,"href":"https:\/\/centralmedia.rs\/index.php\/wp-json\/wp\/v2\/media\/14302"}],"wp:attachment":[{"href":"https:\/\/centralmedia.rs\/index.php\/wp-json\/wp\/v2\/media?parent=14301"}],"wp:term":[{"taxonomy":"category","embeddable":true,"href":"https:\/\/centralmedia.rs\/index.php\/wp-json\/wp\/v2\/categories?post=14301"},{"taxonomy":"post_tag","embeddable":true,"href":"https:\/\/centralmedia.rs\/index.php\/wp-json\/wp\/v2\/tags?post=14301"}],"curies":[{"name":"wp","href":"https:\/\/api.w.org\/{rel}","templated":true}]}}