{"id":14316,"date":"2018-10-09T18:06:05","date_gmt":"2018-10-09T18:06:05","guid":{"rendered":"http:\/\/centralmedia.rs\/?p=14316"},"modified":"2018-10-11T14:09:46","modified_gmt":"2018-10-11T14:09:46","slug":"teska-saobracajna-nesreca-na-putu-svilajnac-despotovac-poginula-4-lica-2-povredena-foto","status":"publish","type":"post","link":"https:\/\/centralmedia.rs\/index.php\/2018\/10\/09\/teska-saobracajna-nesreca-na-putu-svilajnac-despotovac-poginula-4-lica-2-povredena-foto\/","title":{"rendered":"TE\u0160KA SAOBRA\u0106AJNA NESRE\u0106A NA PUTU SVILAJNAC- DESPOTOVAC &#8211; POGINULA 4 LICA, 2 POVRE\u0110ENA (FOTO)"},"content":{"rendered":"<p>SVILAJNAC- Ve\u010deras oko 19 sati na putu Svilajnac &#8211; Despotovac dogodila se te\u0161ka saobra\u0107ajna nesre\u0107a u kojoj su na licu mesta 4 osobe smrtno stradale, a 2 su povre\u0111ene, saznaje centralmedia.rs. U saobra\u0107ajnoj nesre\u0107i u\u010destvovala su dva kamiona i putni\u010dko vozilo. U toku je uvi\u0111aj.<\/p>\n<div id='gallery-1' class='gallery galleryid-14316 gallery-columns-2 gallery-size-full'><figure class='gallery-item'>\n\t\t\t<div class='gallery-icon portrait'>\n\t\t\t\t<a href='https:\/\/centralmedia.rs\/index.php\/2018\/10\/09\/teska-saobracajna-nesreca-na-putu-svilajnac-despotovac-poginula-4-lica-2-povredena-foto\/saobracajka-1-2\/'><img loading=\"lazy\" decoding=\"async\" width=\"280\" height=\"373\" src=\"https:\/\/centralmedia.rs\/wp-content\/uploads\/2018\/10\/saobracajka-1.jpg\" class=\"attachment-full size-full\" alt=\"\" srcset=\"https:\/\/centralmedia.rs\/wp-content\/uploads\/2018\/10\/saobracajka-1.jpg 280w, https:\/\/centralmedia.rs\/wp-content\/uploads\/2018\/10\/saobracajka-1-225x300.jpg 225w\" sizes=\"(max-width: 280px) 100vw, 280px\" \/><\/a>\n\t\t\t<\/div><\/figure><figure class='gallery-item'>\n\t\t\t<div class='gallery-icon portrait'>\n\t\t\t\t<a href='https:\/\/centralmedia.rs\/index.php\/2018\/10\/09\/teska-saobracajna-nesreca-na-putu-svilajnac-despotovac-poginula-4-lica-2-povredena-foto\/saobracajka-3\/'><img loading=\"lazy\" decoding=\"async\" width=\"280\" height=\"373\" src=\"https:\/\/centralmedia.rs\/wp-content\/uploads\/2018\/10\/saobracajka.jpg\" class=\"attachment-full size-full\" alt=\"\" srcset=\"https:\/\/centralmedia.rs\/wp-content\/uploads\/2018\/10\/saobracajka.jpg 280w, https:\/\/centralmedia.rs\/wp-content\/uploads\/2018\/10\/saobracajka-225x300.jpg 225w\" sizes=\"(max-width: 280px) 100vw, 280px\" \/><\/a>\n\t\t\t<\/div><\/figure>\n\t\t<\/div>\n\n","protected":false},"excerpt":{"rendered":"<p>SVILAJNAC- Ve\u010deras oko 19 sati na putu Svilajnac &#8211; Despotovac dogodila se te\u0161ka saobra\u0107ajna nesre\u0107a u kojoj su na licu mesta 4 osobe smrtno stradale, &hellip; <\/p>\n","protected":false},"author":2,"featured_media":14016,"comment_status":"open","ping_status":"open","sticky":false,"template":"","format":"standard","meta":{"footnotes":""},"categories":[1524,20,2,12,1517],"tags":[51,212,38],"_links":{"self":[{"href":"https:\/\/centralmedia.rs\/index.php\/wp-json\/wp\/v2\/posts\/14316"}],"collection":[{"href":"https:\/\/centralmedia.rs\/index.php\/wp-json\/wp\/v2\/posts"}],"about":[{"href":"https:\/\/centralmedia.rs\/index.php\/wp-json\/wp\/v2\/types\/post"}],"author":[{"embeddable":true,"href":"https:\/\/centralmedia.rs\/index.php\/wp-json\/wp\/v2\/users\/2"}],"replies":[{"embeddable":true,"href":"https:\/\/centralmedia.rs\/index.php\/wp-json\/wp\/v2\/comments?post=14316"}],"version-history":[{"count":2,"href":"https:\/\/centralmedia.rs\/index.php\/wp-json\/wp\/v2\/posts\/14316\/revisions"}],"predecessor-version":[{"id":14320,"href":"https:\/\/centralmedia.rs\/index.php\/wp-json\/wp\/v2\/posts\/14316\/revisions\/14320"}],"wp:featuredmedia":[{"embeddable":true,"href":"https:\/\/centralmedia.rs\/index.php\/wp-json\/wp\/v2\/media\/14016"}],"wp:attachment":[{"href":"https:\/\/centralmedia.rs\/index.php\/wp-json\/wp\/v2\/media?parent=14316"}],"wp:term":[{"taxonomy":"category","embeddable":true,"href":"https:\/\/centralmedia.rs\/index.php\/wp-json\/wp\/v2\/categories?post=14316"},{"taxonomy":"post_tag","embeddable":true,"href":"https:\/\/centralmedia.rs\/index.php\/wp-json\/wp\/v2\/tags?post=14316"}],"curies":[{"name":"wp","href":"https:\/\/api.w.org\/{rel}","templated":true}]}}