{"id":14342,"date":"2018-10-11T13:59:09","date_gmt":"2018-10-11T13:59:09","guid":{"rendered":"http:\/\/centralmedia.rs\/?p=14342"},"modified":"2018-10-13T06:44:12","modified_gmt":"2018-10-13T06:44:12","slug":"otvoren-jubilarni-20-medunarodni-sajam-privrede-u-paracinu-foto","status":"publish","type":"post","link":"https:\/\/centralmedia.rs\/index.php\/2018\/10\/11\/otvoren-jubilarni-20-medunarodni-sajam-privrede-u-paracinu-foto\/","title":{"rendered":"OTVOREN JUBILARNI 20. ME\u0110UNARODNI SAJAM PRIVREDE U PARA\u0106INU (FOTO)"},"content":{"rendered":"<p>PARA\u0106IN- Predsednik op\u0161tine Para\u0107in Sa\u0161a Paunovi\u0107 i koordinator Privredne komore Srbije Milorad Novakovi\u0107 presecanjem vrpce otvorili su danas 20. Me\u0111unarodni sajam privrede u Para\u0107inu. Izaga\u010di su, pored Srbije, iz dr\u017eava regiona i Turske.<\/p>\n<p>&#8211; Sajam traje dve decenije i zna\u010dajan je za izlaga\u010de i posetioce. Ovo je prilika da gra\u0111ani iz Pomorvlja do\u0111u i vide sajamsku ponudu, jer ima mnogo razli\u010ditih roba koje treba videti i probati. Privredini su tu da nude robe i razmenjuju iskustva. O\u010dekujem da ovogodi\u0161nji sajam bude\u00a0 bolji od predhodnih, a siguran sam da \u0107e anredni biti mnogo bolji, jer je u planu zavr\u0161etak dogradnje sportskog centra, odnosno objekta koji \u0107e omgou\u0107iti bolju funkcionalnost sajama, rekao je Paunovi\u0107.<\/p>\n<div id='gallery-1' class='gallery galleryid-14342 gallery-columns-5 gallery-size-thumbnail'><figure class='gallery-item'>\n\t\t\t<div class='gallery-icon landscape'>\n\t\t\t\t<a href='https:\/\/centralmedia.rs\/index.php\/2018\/10\/11\/otvoren-jubilarni-20-medunarodni-sajam-privrede-u-paracinu-foto\/d-6\/'><img loading=\"lazy\" decoding=\"async\" width=\"150\" height=\"150\" src=\"https:\/\/centralmedia.rs\/wp-content\/uploads\/2018\/10\/d-150x150.jpg\" class=\"attachment-thumbnail size-thumbnail\" alt=\"\" \/><\/a>\n\t\t\t<\/div><\/figure><figure class='gallery-item'>\n\t\t\t<div class='gallery-icon landscape'>\n\t\t\t\t<a href='https:\/\/centralmedia.rs\/index.php\/2018\/10\/11\/otvoren-jubilarni-20-medunarodni-sajam-privrede-u-paracinu-foto\/f\/'><img loading=\"lazy\" decoding=\"async\" width=\"150\" height=\"150\" src=\"https:\/\/centralmedia.rs\/wp-content\/uploads\/2018\/10\/f-150x150.jpg\" class=\"attachment-thumbnail size-thumbnail\" alt=\"\" \/><\/a>\n\t\t\t<\/div><\/figure><figure class='gallery-item'>\n\t\t\t<div class='gallery-icon landscape'>\n\t\t\t\t<a href='https:\/\/centralmedia.rs\/index.php\/2018\/10\/11\/otvoren-jubilarni-20-medunarodni-sajam-privrede-u-paracinu-foto\/p-4\/'><img loading=\"lazy\" decoding=\"async\" width=\"150\" height=\"150\" src=\"https:\/\/centralmedia.rs\/wp-content\/uploads\/2018\/10\/p-150x150.jpg\" class=\"attachment-thumbnail size-thumbnail\" alt=\"\" \/><\/a>\n\t\t\t<\/div><\/figure><figure class='gallery-item'>\n\t\t\t<div class='gallery-icon landscape'>\n\t\t\t\t<a href='https:\/\/centralmedia.rs\/index.php\/2018\/10\/11\/otvoren-jubilarni-20-medunarodni-sajam-privrede-u-paracinu-foto\/p1-7\/'><img loading=\"lazy\" decoding=\"async\" width=\"150\" height=\"150\" src=\"https:\/\/centralmedia.rs\/wp-content\/uploads\/2018\/10\/p1-150x150.jpg\" class=\"attachment-thumbnail size-thumbnail\" alt=\"\" \/><\/a>\n\t\t\t<\/div><\/figure><figure class='gallery-item'>\n\t\t\t<div class='gallery-icon landscape'>\n\t\t\t\t<a href='https:\/\/centralmedia.rs\/index.php\/2018\/10\/11\/otvoren-jubilarni-20-medunarodni-sajam-privrede-u-paracinu-foto\/s-5\/'><img loading=\"lazy\" decoding=\"async\" width=\"150\" height=\"150\" src=\"https:\/\/centralmedia.rs\/wp-content\/uploads\/2018\/10\/s-1-150x150.jpg\" class=\"attachment-thumbnail size-thumbnail\" alt=\"\" \/><\/a>\n\t\t\t<\/div><\/figure>\n\t\t<\/div>\n\n<p>Sajam traje tri dana,a robe i usluge izlo\u017eilo je preko 100 izlaga\u010da na 2.000 kvadrata.<\/p>\n<p>-Pored prezentacije projekata Evropske banke za obnovu i razvoj,\u00a0 Razvojen agencije Srbije i \u00a0\u017eenskog preduzetni\u0161tva, u subotu \u0107emo prirediti gastro prezentaciju, odnosno posetioci \u0107e mo\u0107i da probaju ,,Para\u0107inski \u0107evap&#8221; i ,,Vasinu tortu&#8221;. Posetioci sajma mogu da u\u010destvuju u nagradnoj igri, a nagrade su televizor, laptop i bicikl, najavio je direktor Turisti\u010dke organizacije Aljo\u0161a Vu\u010dkovi\u0107 i istakao da o\u010dekuje 20.000 posetilaca u tri dana.<\/p>\n<p>Sajam se odr\u017eava pod pokroviteljstvom op\u0161tine Para\u0107in, a organizuju ga Turisti\u010dka organizacija Para\u0107ina i Op\u0161te udru\u017eenje preduzetnika.<\/p>\n","protected":false},"excerpt":{"rendered":"<p>PARA\u0106IN- Predsednik op\u0161tine Para\u0107in Sa\u0161a Paunovi\u0107 i koordinator Privredne komore Srbije Milorad Novakovi\u0107 presecanjem vrpce otvorili su danas 20. Me\u0111unarodni sajam privrede u Para\u0107inu. Izaga\u010di &hellip; <\/p>\n","protected":false},"author":2,"featured_media":14343,"comment_status":"open","ping_status":"open","sticky":false,"template":"","format":"standard","meta":{"footnotes":""},"categories":[22,1524,2,1516,12],"tags":[156,2367],"_links":{"self":[{"href":"https:\/\/centralmedia.rs\/index.php\/wp-json\/wp\/v2\/posts\/14342"}],"collection":[{"href":"https:\/\/centralmedia.rs\/index.php\/wp-json\/wp\/v2\/posts"}],"about":[{"href":"https:\/\/centralmedia.rs\/index.php\/wp-json\/wp\/v2\/types\/post"}],"author":[{"embeddable":true,"href":"https:\/\/centralmedia.rs\/index.php\/wp-json\/wp\/v2\/users\/2"}],"replies":[{"embeddable":true,"href":"https:\/\/centralmedia.rs\/index.php\/wp-json\/wp\/v2\/comments?post=14342"}],"version-history":[{"count":1,"href":"https:\/\/centralmedia.rs\/index.php\/wp-json\/wp\/v2\/posts\/14342\/revisions"}],"predecessor-version":[{"id":14349,"href":"https:\/\/centralmedia.rs\/index.php\/wp-json\/wp\/v2\/posts\/14342\/revisions\/14349"}],"wp:featuredmedia":[{"embeddable":true,"href":"https:\/\/centralmedia.rs\/index.php\/wp-json\/wp\/v2\/media\/14343"}],"wp:attachment":[{"href":"https:\/\/centralmedia.rs\/index.php\/wp-json\/wp\/v2\/media?parent=14342"}],"wp:term":[{"taxonomy":"category","embeddable":true,"href":"https:\/\/centralmedia.rs\/index.php\/wp-json\/wp\/v2\/categories?post=14342"},{"taxonomy":"post_tag","embeddable":true,"href":"https:\/\/centralmedia.rs\/index.php\/wp-json\/wp\/v2\/tags?post=14342"}],"curies":[{"name":"wp","href":"https:\/\/api.w.org\/{rel}","templated":true}]}}