{"id":14374,"date":"2018-10-12T13:45:59","date_gmt":"2018-10-12T13:45:59","guid":{"rendered":"http:\/\/centralmedia.rs\/?p=14374"},"modified":"2018-10-18T16:43:23","modified_gmt":"2018-10-18T16:43:23","slug":"asfaltiranje-u-svilajnackim-selima","status":"publish","type":"post","link":"https:\/\/centralmedia.rs\/index.php\/2018\/10\/12\/asfaltiranje-u-svilajnackim-selima\/","title":{"rendered":"ASFALTIRANJE U SVILAJNA\u010cKIM SELIMA"},"content":{"rendered":"<p>SVILAJNAC- Svilajncu je sezona infrastrukturnih radova u punom jeku, trenutno su u toku radovi na asfaltiranju tri ulice u Svilajncu, koje do sada nisu bile asfaltirane: Nikolaja Velimirovi\u0107a, Jablani\u010dka i deo ulice 1. maja. Radove je danas obi\u0161ao i predsednik op\u0161tine Svilajnac Predrag Milanovi\u0107, koji je izjavio da sve trenutne radove na putevima u Vrlanu, Subotici i ove u Svilajncu finansira op\u0161tina Svilajnac.<\/p>\n<div id='gallery-1' class='gallery galleryid-14374 gallery-columns-3 gallery-size-full'><figure class='gallery-item'>\n\t\t\t<div class='gallery-icon landscape'>\n\t\t\t\t<a href='https:\/\/centralmedia.rs\/index.php\/2018\/10\/12\/regulacija-resave\/a-3\/'><img loading=\"lazy\" decoding=\"async\" width=\"960\" height=\"640\" src=\"https:\/\/centralmedia.rs\/wp-content\/uploads\/2018\/10\/A.jpg\" class=\"attachment-full size-full\" alt=\"\" srcset=\"https:\/\/centralmedia.rs\/wp-content\/uploads\/2018\/10\/A.jpg 960w, https:\/\/centralmedia.rs\/wp-content\/uploads\/2018\/10\/A-300x200.jpg 300w, https:\/\/centralmedia.rs\/wp-content\/uploads\/2018\/10\/A-768x512.jpg 768w, https:\/\/centralmedia.rs\/wp-content\/uploads\/2018\/10\/A-630x420.jpg 630w, https:\/\/centralmedia.rs\/wp-content\/uploads\/2018\/10\/A-640x427.jpg 640w, https:\/\/centralmedia.rs\/wp-content\/uploads\/2018\/10\/A-681x454.jpg 681w\" sizes=\"(max-width: 960px) 100vw, 960px\" \/><\/a>\n\t\t\t<\/div><\/figure><figure class='gallery-item'>\n\t\t\t<div class='gallery-icon landscape'>\n\t\t\t\t<a href='https:\/\/centralmedia.rs\/index.php\/2018\/10\/12\/regulacija-resave\/a1-2\/'><img loading=\"lazy\" decoding=\"async\" width=\"2048\" height=\"1365\" src=\"https:\/\/centralmedia.rs\/wp-content\/uploads\/2018\/10\/A1.jpg\" class=\"attachment-full size-full\" alt=\"\" srcset=\"https:\/\/centralmedia.rs\/wp-content\/uploads\/2018\/10\/A1.jpg 2048w, https:\/\/centralmedia.rs\/wp-content\/uploads\/2018\/10\/A1-300x200.jpg 300w, https:\/\/centralmedia.rs\/wp-content\/uploads\/2018\/10\/A1-768x512.jpg 768w, https:\/\/centralmedia.rs\/wp-content\/uploads\/2018\/10\/A1-1024x683.jpg 1024w, https:\/\/centralmedia.rs\/wp-content\/uploads\/2018\/10\/A1-630x420.jpg 630w, https:\/\/centralmedia.rs\/wp-content\/uploads\/2018\/10\/A1-640x427.jpg 640w, https:\/\/centralmedia.rs\/wp-content\/uploads\/2018\/10\/A1-681x454.jpg 681w\" sizes=\"(max-width: 2048px) 100vw, 2048px\" \/><\/a>\n\t\t\t<\/div><\/figure><figure class='gallery-item'>\n\t\t\t<div class='gallery-icon landscape'>\n\t\t\t\t<a href='https:\/\/centralmedia.rs\/index.php\/2018\/10\/12\/regulacija-resave\/a3\/'><img loading=\"lazy\" decoding=\"async\" width=\"2048\" height=\"1365\" src=\"https:\/\/centralmedia.rs\/wp-content\/uploads\/2018\/10\/A3.jpg\" class=\"attachment-full size-full\" alt=\"\" srcset=\"https:\/\/centralmedia.rs\/wp-content\/uploads\/2018\/10\/A3.jpg 2048w, https:\/\/centralmedia.rs\/wp-content\/uploads\/2018\/10\/A3-300x200.jpg 300w, https:\/\/centralmedia.rs\/wp-content\/uploads\/2018\/10\/A3-768x512.jpg 768w, https:\/\/centralmedia.rs\/wp-content\/uploads\/2018\/10\/A3-1024x683.jpg 1024w, https:\/\/centralmedia.rs\/wp-content\/uploads\/2018\/10\/A3-630x420.jpg 630w, https:\/\/centralmedia.rs\/wp-content\/uploads\/2018\/10\/A3-640x427.jpg 640w, https:\/\/centralmedia.rs\/wp-content\/uploads\/2018\/10\/A3-681x454.jpg 681w\" sizes=\"(max-width: 2048px) 100vw, 2048px\" \/><\/a>\n\t\t\t<\/div><\/figure>\n\t\t<\/div>\n\n<p>\u201eOko 20 miliona dinara je ukupna vrednost svih ovih radova, koje smo planirali i dogovorili sa ljudima za ovu godinu. Slu\u017ee nas i vremenske prilike i uspe\u0107emo da zavr\u0161imo sve \u0161to je planirano. Paralelno sa ovim radimo i neke druge infrastrukturne radove, azbestne cevi menjamo plasti\u010dnim cevima, ove cevi su zamenjene u ulici Mice Markovi\u0107, radimo i u Vojvode Mi\u0161i\u0107a, a radi\u0107emo i veliku rekonstrukciju Vojvode Mi\u0161i\u0107a, koja \u0107e biti ura\u0111ena po svim standardima, sa novim trotoarima, ki\u0161nom kanalizacijom, zelenim povr\u0161inama, \u010dime \u0107e na prvom mestu biti ve\u0107a bezbednost svih u\u010desnika u saobra\u0107aju, a i ulep\u0161a\u0107emo ovaj deo grada\u201c \u2013 obja\u0161njava Milanovi\u0107.<\/p>\n","protected":false},"excerpt":{"rendered":"<p>SVILAJNAC- Svilajncu je sezona infrastrukturnih radova u punom jeku, trenutno su u toku radovi na asfaltiranju tri ulice u Svilajncu, koje do sada nisu bile &hellip; <\/p>\n","protected":false},"author":2,"featured_media":14361,"comment_status":"open","ping_status":"open","sticky":false,"template":"","format":"standard","meta":{"footnotes":""},"categories":[1524,2,13,887,12,1517],"tags":[3199,909,38],"_links":{"self":[{"href":"https:\/\/centralmedia.rs\/index.php\/wp-json\/wp\/v2\/posts\/14374"}],"collection":[{"href":"https:\/\/centralmedia.rs\/index.php\/wp-json\/wp\/v2\/posts"}],"about":[{"href":"https:\/\/centralmedia.rs\/index.php\/wp-json\/wp\/v2\/types\/post"}],"author":[{"embeddable":true,"href":"https:\/\/centralmedia.rs\/index.php\/wp-json\/wp\/v2\/users\/2"}],"replies":[{"embeddable":true,"href":"https:\/\/centralmedia.rs\/index.php\/wp-json\/wp\/v2\/comments?post=14374"}],"version-history":[{"count":2,"href":"https:\/\/centralmedia.rs\/index.php\/wp-json\/wp\/v2\/posts\/14374\/revisions"}],"predecessor-version":[{"id":14504,"href":"https:\/\/centralmedia.rs\/index.php\/wp-json\/wp\/v2\/posts\/14374\/revisions\/14504"}],"wp:featuredmedia":[{"embeddable":true,"href":"https:\/\/centralmedia.rs\/index.php\/wp-json\/wp\/v2\/media\/14361"}],"wp:attachment":[{"href":"https:\/\/centralmedia.rs\/index.php\/wp-json\/wp\/v2\/media?parent=14374"}],"wp:term":[{"taxonomy":"category","embeddable":true,"href":"https:\/\/centralmedia.rs\/index.php\/wp-json\/wp\/v2\/categories?post=14374"},{"taxonomy":"post_tag","embeddable":true,"href":"https:\/\/centralmedia.rs\/index.php\/wp-json\/wp\/v2\/tags?post=14374"}],"curies":[{"name":"wp","href":"https:\/\/api.w.org\/{rel}","templated":true}]}}