{"id":14376,"date":"2018-10-12T13:55:04","date_gmt":"2018-10-12T13:55:04","guid":{"rendered":"http:\/\/centralmedia.rs\/?p=14376"},"modified":"2018-10-13T18:03:55","modified_gmt":"2018-10-13T18:03:55","slug":"sa-20-medunarodnog-sajma-privrede-u-paracinu-predavanja-za-preduzetnike","status":"publish","type":"post","link":"https:\/\/centralmedia.rs\/index.php\/2018\/10\/12\/sa-20-medunarodnog-sajma-privrede-u-paracinu-predavanja-za-preduzetnike\/","title":{"rendered":"SA 20. ME\u0110UNARODNOG SAJMA PRIVREDE U PARA\u0106INU -PREDAVANJA ZA PREDUZETNIKE"},"content":{"rendered":"<p>PARA\u0106IN- Evropska banka za obnovu i razvoj (ERDB) i Razvojna agencija Srbije (RAS) predstavili su svoje programe i projekte, dok je preduzetnica Aleksandra Vladisavljevi\u0107 predstavila \u017eensko zeleno preduzetni\u0161tvo.<\/p>\n<div id='gallery-1' class='gallery galleryid-14376 gallery-columns-2 gallery-size-full'><figure class='gallery-item'>\n\t\t\t<div class='gallery-icon landscape'>\n\t\t\t\t<a href='https:\/\/centralmedia.rs\/index.php\/2018\/10\/12\/sa-20-medunarodnog-sajma-privrede-u-paracinu-predavanja-za-preduzetnike\/ras\/'><img loading=\"lazy\" decoding=\"async\" width=\"1280\" height=\"622\" src=\"https:\/\/centralmedia.rs\/wp-content\/uploads\/2018\/10\/ras.jpg\" class=\"attachment-full size-full\" alt=\"\" srcset=\"https:\/\/centralmedia.rs\/wp-content\/uploads\/2018\/10\/ras.jpg 1280w, https:\/\/centralmedia.rs\/wp-content\/uploads\/2018\/10\/ras-300x146.jpg 300w, https:\/\/centralmedia.rs\/wp-content\/uploads\/2018\/10\/ras-768x373.jpg 768w, https:\/\/centralmedia.rs\/wp-content\/uploads\/2018\/10\/ras-1024x498.jpg 1024w, https:\/\/centralmedia.rs\/wp-content\/uploads\/2018\/10\/ras-864x420.jpg 864w, https:\/\/centralmedia.rs\/wp-content\/uploads\/2018\/10\/ras-640x311.jpg 640w, https:\/\/centralmedia.rs\/wp-content\/uploads\/2018\/10\/ras-681x331.jpg 681w\" sizes=\"(max-width: 1280px) 100vw, 1280px\" \/><\/a>\n\t\t\t<\/div><\/figure><figure class='gallery-item'>\n\t\t\t<div class='gallery-icon landscape'>\n\t\t\t\t<a href='https:\/\/centralmedia.rs\/index.php\/2018\/10\/12\/sa-20-medunarodnog-sajma-privrede-u-paracinu-predavanja-za-preduzetnike\/zeleno-zp\/'><img loading=\"lazy\" decoding=\"async\" width=\"1280\" height=\"622\" src=\"https:\/\/centralmedia.rs\/wp-content\/uploads\/2018\/10\/zeleno-zp.jpg\" class=\"attachment-full size-full\" alt=\"\" srcset=\"https:\/\/centralmedia.rs\/wp-content\/uploads\/2018\/10\/zeleno-zp.jpg 1280w, https:\/\/centralmedia.rs\/wp-content\/uploads\/2018\/10\/zeleno-zp-300x146.jpg 300w, https:\/\/centralmedia.rs\/wp-content\/uploads\/2018\/10\/zeleno-zp-768x373.jpg 768w, https:\/\/centralmedia.rs\/wp-content\/uploads\/2018\/10\/zeleno-zp-1024x498.jpg 1024w, https:\/\/centralmedia.rs\/wp-content\/uploads\/2018\/10\/zeleno-zp-864x420.jpg 864w, https:\/\/centralmedia.rs\/wp-content\/uploads\/2018\/10\/zeleno-zp-640x311.jpg 640w, https:\/\/centralmedia.rs\/wp-content\/uploads\/2018\/10\/zeleno-zp-681x331.jpg 681w\" sizes=\"(max-width: 1280px) 100vw, 1280px\" \/><\/a>\n\t\t\t<\/div><\/figure>\n\t\t<\/div>\n\n<p>&#8211; Pri\u010dali smo o organskoj proizvodnji, ali kada pri\u010damo o zelenoj ekonomiji, ona postoji u svim sektorima i njeno vreme tek dolazi. Postoje velike \u0161anse, tajs ektor raste i daje puno prilika, od recikla\u017ee, za\u0161tite \u017eivotne srednine, zelene gradnje, zelene poljoprivrede. \u017dene su zainteresovane, ali im je potrebna podr\u0161ka, va\u017ene su zadruge i udru\u017eivanje, kazale je Aleksandra Vladisavljevi\u0107 i dodala da institucije moraju da po\u010dnu da rade svoj posao i da gra\u0111anin bude u centru interesovanja.<\/p>\n<p>Projekti i programi ERDB i RAS.<\/p>\n<p>&#8211; Sva sredstva u ovoj godini smo utro\u0161ili. Imamo potpisanih vi\u0161e od 400 ugovora za po\u010detnike u biznisu i preko 300 ugovora sa preduze\u0107ima koja su unapre\u0111ivala standarde, uvodili Ce znak ili izlagali na sajmovima. Za slede\u0107u godinu \u0107e biti aktuelni programi za unapre\u0111enje produktivnosti, mentoring i izlagenje proizvoda na 12 me\u0111unarodnih sajmova, kazala je rukovodilac centra za me\u0111unarodnu saradnju Ana \u017degarac i dodala da su aktuleni programi Ministarstva privrede, odnosno program subvencionisanja nabavke opreme koji je ove godine dostigao 590 miliona dinara i re\u010d o subvencionisanju do 25 odsto vrednosti.<\/p>\n<p>&#8211; ERDB organizuje predavanje za mala i srednja preduze\u0107a sa ciljem upoznavanja razvoja preduze\u0107a i mogu\u0107nostima. Pru\u017eanje finansijske podr\u0161ke u visini od 10 hiljda evra, rekao je predstavnik Smart konektion Neboj\u0161a Ratkovi\u0107.<\/p>\n","protected":false},"excerpt":{"rendered":"<p>PARA\u0106IN- Evropska banka za obnovu i razvoj (ERDB) i Razvojna agencija Srbije (RAS) predstavili su svoje programe i projekte, dok je preduzetnica Aleksandra Vladisavljevi\u0107 predstavila &hellip; <\/p>\n","protected":false},"author":2,"featured_media":14377,"comment_status":"open","ping_status":"open","sticky":false,"template":"","format":"standard","meta":{"footnotes":""},"categories":[22,1524,2,1516,12],"tags":[3200,156,3202,3201,2367],"_links":{"self":[{"href":"https:\/\/centralmedia.rs\/index.php\/wp-json\/wp\/v2\/posts\/14376"}],"collection":[{"href":"https:\/\/centralmedia.rs\/index.php\/wp-json\/wp\/v2\/posts"}],"about":[{"href":"https:\/\/centralmedia.rs\/index.php\/wp-json\/wp\/v2\/types\/post"}],"author":[{"embeddable":true,"href":"https:\/\/centralmedia.rs\/index.php\/wp-json\/wp\/v2\/users\/2"}],"replies":[{"embeddable":true,"href":"https:\/\/centralmedia.rs\/index.php\/wp-json\/wp\/v2\/comments?post=14376"}],"version-history":[{"count":1,"href":"https:\/\/centralmedia.rs\/index.php\/wp-json\/wp\/v2\/posts\/14376\/revisions"}],"predecessor-version":[{"id":14380,"href":"https:\/\/centralmedia.rs\/index.php\/wp-json\/wp\/v2\/posts\/14376\/revisions\/14380"}],"wp:featuredmedia":[{"embeddable":true,"href":"https:\/\/centralmedia.rs\/index.php\/wp-json\/wp\/v2\/media\/14377"}],"wp:attachment":[{"href":"https:\/\/centralmedia.rs\/index.php\/wp-json\/wp\/v2\/media?parent=14376"}],"wp:term":[{"taxonomy":"category","embeddable":true,"href":"https:\/\/centralmedia.rs\/index.php\/wp-json\/wp\/v2\/categories?post=14376"},{"taxonomy":"post_tag","embeddable":true,"href":"https:\/\/centralmedia.rs\/index.php\/wp-json\/wp\/v2\/tags?post=14376"}],"curies":[{"name":"wp","href":"https:\/\/api.w.org\/{rel}","templated":true}]}}