{"id":14381,"date":"2018-10-12T14:02:01","date_gmt":"2018-10-12T14:02:01","guid":{"rendered":"http:\/\/centralmedia.rs\/?p=14381"},"modified":"2018-10-13T18:04:10","modified_gmt":"2018-10-13T18:04:10","slug":"ninoslav-eric-predsednik-opstine-cuprija-neka-rezultati-i-dela-govore-o-nasem-radu","status":"publish","type":"post","link":"https:\/\/centralmedia.rs\/index.php\/2018\/10\/12\/ninoslav-eric-predsednik-opstine-cuprija-neka-rezultati-i-dela-govore-o-nasem-radu\/","title":{"rendered":"NINOSLAV ERI\u0106, PREDSEDNIK OP\u0160TINE \u0106UPRIJA &#8211; ,,NEKA REZULTATI I DELA GOVORE O NA\u0160EM RADU&#8221;"},"content":{"rendered":"<p>\u0106UPRIJA- Neka rezultati i dela govore o na\u0161em radu, to je moj moto. Va\u017ean je tim saradnika, koji sprovode planove, posti\u017eu rezultate i olak\u0161avaju gra\u0111anima \u017eivot, svakodnevno prisustvo u javnosti je manje zna\u010dajno, rekao u intervjuu povodom Dana op\u0161tine \u0106uprija predsednik te opt\u0161ine Ninoslav Eri\u0107.<\/p>\n<p>-Svaka godina od 2013. je godina u kojoj ula\u017eemo vi\u0161e napora i \u0106uprija se razvija sve vi\u0161e i vi\u0161e, nadam se da \u0107emo imati, u godinama koje dolaze, adekvatan razvoj grada. Postavili smo temelje, znamo kako je \u0106uprija izgledala u prethodnom periodu, znamo kako i danas izgleda, a imamo i viziju za budu\u0107nost, dodaje on.<\/p>\n<p>\u0106uprija je u proteklim godinama po\u010dela da koristi svoje prednosti, \u0161to se odrazilo na razvoj i planove za budu\u0107nost.<\/p>\n<p>&#8211; Siguran sam u to i mislim da su i gra\u0111ani svesni da je \u0106uprija u prethodnom periodu bila skrajnuta. \u0106uprija se nije razvijala, grad bez budu\u0107nosti. Danas imamo duga\u010diju sliku \u0106uprije, a naravno ima\u0107emo u godinama koje dolaze grad u centralnoj Srbije, lep za \u017eivot sa jakom privredom i grad koji razvija kulturu i sport, sve \u0161to je potrebno za dru\u0161tveni \u017eivot, isti\u010de \u00a0Eri\u0107.<\/p>\n<p>Gra\u0111ani, njihove \u017eelje, ideje i planovi, su na prvom mestu aktulenog rukovodstva.<\/p>\n<p>&#8211; Najve\u0107i problemi su zapo\u0161ljavanje, ali moram da ka\u017eem da kada tra\u017eimo radnike za popunu nekih radnih mesta odre\u0111enim ljudima to ne odgovara. Moramo da budemo svesni da ono \u0161to sada radimo to \u0107e da bude podloga za budu\u0107nost. Trenutno su dve kompanije investirale, privreda je \u017eiv organizam, \u017eelimo dvadeset dve kompanije, \u017eelimo da pove\u0107amo tr\u017ei\u0161te rada, jer pove\u0107anjem tra\u017eenje za radnom snagom do\u0107i\u0107emo do toga da zarade rastu na gore. Ideja je da pre\u0111emo na grane koje su vi\u0161e ekonomski isplativije proizvo\u0111a\u010dima, a sa druge strane obezbe\u0111uju vi\u0161e zarade, ka\u017ee Eri\u0107.<\/p>\n<p>Privreda je u vrhu prioriteta lokalne samouprave. Strane kompanije investiraju u \u0106upriji i stvaraju se uslovi za nove investicije.<\/p>\n<p>&#8211; Ima onih koji ne\u0107e rade, ali to je zanemarljivo, oni ne\u0107e da rade \u010ditavog \u017eivota. Ljudi s podrodicama koji \u017eele da rade oni \u0107e se zaposliti. Turska i kineska investicija u industriji, Turci su pokrenuli proizvodnju govoda u Dobri\u010devu, Rojal De Heus u novembru radi reparaciju proizvodnih sistema u Komponenti i o\u010dekuje se da po\u010dne proizvodnju. Tu je Ravanica koja je dobila novog vlasnika Medelu, zaklju\u010duje Eri\u0107.<\/p>\n<p>&nbsp;<\/p>\n","protected":false},"excerpt":{"rendered":"<p>\u0106UPRIJA- Neka rezultati i dela govore o na\u0161em radu, to je moj moto. Va\u017ean je tim saradnika, koji sprovode planove, posti\u017eu rezultate i olak\u0161avaju gra\u0111anima &hellip; <\/p>\n","protected":false},"author":2,"featured_media":14382,"comment_status":"open","ping_status":"open","sticky":false,"template":"","format":"standard","meta":{"footnotes":""},"categories":[1515,1524,2,13,887,12],"tags":[759,3203],"_links":{"self":[{"href":"https:\/\/centralmedia.rs\/index.php\/wp-json\/wp\/v2\/posts\/14381"}],"collection":[{"href":"https:\/\/centralmedia.rs\/index.php\/wp-json\/wp\/v2\/posts"}],"about":[{"href":"https:\/\/centralmedia.rs\/index.php\/wp-json\/wp\/v2\/types\/post"}],"author":[{"embeddable":true,"href":"https:\/\/centralmedia.rs\/index.php\/wp-json\/wp\/v2\/users\/2"}],"replies":[{"embeddable":true,"href":"https:\/\/centralmedia.rs\/index.php\/wp-json\/wp\/v2\/comments?post=14381"}],"version-history":[{"count":1,"href":"https:\/\/centralmedia.rs\/index.php\/wp-json\/wp\/v2\/posts\/14381\/revisions"}],"predecessor-version":[{"id":14383,"href":"https:\/\/centralmedia.rs\/index.php\/wp-json\/wp\/v2\/posts\/14381\/revisions\/14383"}],"wp:featuredmedia":[{"embeddable":true,"href":"https:\/\/centralmedia.rs\/index.php\/wp-json\/wp\/v2\/media\/14382"}],"wp:attachment":[{"href":"https:\/\/centralmedia.rs\/index.php\/wp-json\/wp\/v2\/media?parent=14381"}],"wp:term":[{"taxonomy":"category","embeddable":true,"href":"https:\/\/centralmedia.rs\/index.php\/wp-json\/wp\/v2\/categories?post=14381"},{"taxonomy":"post_tag","embeddable":true,"href":"https:\/\/centralmedia.rs\/index.php\/wp-json\/wp\/v2\/tags?post=14381"}],"curies":[{"name":"wp","href":"https:\/\/api.w.org\/{rel}","templated":true}]}}