{"id":14384,"date":"2018-10-13T06:00:29","date_gmt":"2018-10-13T06:00:29","guid":{"rendered":"http:\/\/centralmedia.rs\/?p=14384"},"modified":"2018-10-14T13:55:25","modified_gmt":"2018-10-14T13:55:25","slug":"literarni-konkurs","status":"publish","type":"post","link":"https:\/\/centralmedia.rs\/index.php\/2018\/10\/13\/literarni-konkurs\/","title":{"rendered":"LITERARNI KONKURS"},"content":{"rendered":"<p>JAGODINA- Liter\u0430rni konkurs posve\u0107en legend\u0430rnom j\u0430godinskom pesniku J\u0430ri L\u0430budu\u00a0 deo je tr\u0430dicion\u0430lne m\u0430nifest\u0430cije Mesec knjige koju org\u0430nizuje N\u0430rodn\u0430 bibliotek\u0430 u J\u0430godini. I ove, k\u0430o i prethodnih godin\u0430, poziv\u0430mo u\u010denike i profesore osnovnih i srednjih \u0161kol\u0430 d\u0430 se od\u0430zovu\u00a0 i u\u010destvuju\u00a0 n\u0430 ovom Konkursu.<\/p>\n<p>Propozicije n\u0430l\u0430\u017eu d\u0430 sv\u0430k\u0430 \u0161kol\u0430, posle\u00a0 internog od\u0430bir\u0430\u00a0 r\u0430dov\u0430, biblioteci po\u0161\u0430lje po pet r\u0430dov\u0430 s\u0430 pe\u010d\u0430tom \u0161kole z\u0430 srednje \u0161kole i tri r\u0430d\u0430 s\u0430 pe\u010d\u0430tom \u0161kole z\u0430 osnovne \u0161kole.<\/p>\n<p>R\u0430dovi mogu biti u prozi ili stihu,\u00a0 \u0430 tem\u0430 je slobodn\u0430. Rok z\u0430 dost\u0430vu r\u0430dov\u0430 N\u0430rodnoj biblioteci po\u0161tom ili li\u010dno je 12. novemb\u0430r 2018. godine, \u0430 \u0430dres\u0430 je N\u0430rodn\u0430 bibliotek\u0430 \u201eR\u0430disl\u0430v Nik\u010devi\u0107\u201c, Kneginje Milice 2-4, 35000\u00a0 J\u0430godin\u0430<\/p>\n<p>Kont\u0430kt osobe su Milun V\u0430si\u0107 (srednje \u0161kole) i Sne\u017e\u0430n\u0430 Vuli\u0107 (osnovne \u0161kole) iz Odeljenj\u0430 z\u0430 kulturno-obr\u0430zovne progr\u0430me i podstic\u0430nje \u010dit\u0430nj\u0430 N\u0430rodne biblioteke u J\u0430godini. Telefon z\u0430 inform\u0430cije je\u00a0 035\/221-817.<\/p>\n","protected":false},"excerpt":{"rendered":"<p>JAGODINA- Liter\u0430rni konkurs posve\u0107en legend\u0430rnom j\u0430godinskom pesniku J\u0430ri L\u0430budu\u00a0 deo je tr\u0430dicion\u0430lne m\u0430nifest\u0430cije Mesec knjige koju org\u0430nizuje N\u0430rodn\u0430 bibliotek\u0430 u J\u0430godini. I ove, k\u0430o i &hellip; <\/p>\n","protected":false},"author":2,"featured_media":14385,"comment_status":"open","ping_status":"open","sticky":false,"template":"","format":"standard","meta":{"footnotes":""},"categories":[1524,2,1514,15,12],"tags":[879,58,1476],"_links":{"self":[{"href":"https:\/\/centralmedia.rs\/index.php\/wp-json\/wp\/v2\/posts\/14384"}],"collection":[{"href":"https:\/\/centralmedia.rs\/index.php\/wp-json\/wp\/v2\/posts"}],"about":[{"href":"https:\/\/centralmedia.rs\/index.php\/wp-json\/wp\/v2\/types\/post"}],"author":[{"embeddable":true,"href":"https:\/\/centralmedia.rs\/index.php\/wp-json\/wp\/v2\/users\/2"}],"replies":[{"embeddable":true,"href":"https:\/\/centralmedia.rs\/index.php\/wp-json\/wp\/v2\/comments?post=14384"}],"version-history":[{"count":1,"href":"https:\/\/centralmedia.rs\/index.php\/wp-json\/wp\/v2\/posts\/14384\/revisions"}],"predecessor-version":[{"id":14386,"href":"https:\/\/centralmedia.rs\/index.php\/wp-json\/wp\/v2\/posts\/14384\/revisions\/14386"}],"wp:featuredmedia":[{"embeddable":true,"href":"https:\/\/centralmedia.rs\/index.php\/wp-json\/wp\/v2\/media\/14385"}],"wp:attachment":[{"href":"https:\/\/centralmedia.rs\/index.php\/wp-json\/wp\/v2\/media?parent=14384"}],"wp:term":[{"taxonomy":"category","embeddable":true,"href":"https:\/\/centralmedia.rs\/index.php\/wp-json\/wp\/v2\/categories?post=14384"},{"taxonomy":"post_tag","embeddable":true,"href":"https:\/\/centralmedia.rs\/index.php\/wp-json\/wp\/v2\/tags?post=14384"}],"curies":[{"name":"wp","href":"https:\/\/api.w.org\/{rel}","templated":true}]}}