{"id":14387,"date":"2018-10-13T05:34:36","date_gmt":"2018-10-13T05:34:36","guid":{"rendered":"http:\/\/centralmedia.rs\/?p=14387"},"modified":"2018-10-15T12:12:07","modified_gmt":"2018-10-15T12:12:07","slug":"otvorena-izlozba-urosa-predica-u-cupriji","status":"publish","type":"post","link":"https:\/\/centralmedia.rs\/index.php\/2018\/10\/13\/otvorena-izlozba-urosa-predica-u-cupriji\/","title":{"rendered":"OTVORENA IZLO\u017dBA URO\u0160A PREDI\u0106A U \u0106UPRIJI"},"content":{"rendered":"<p>\u0106UPRIJA- Izlo\u017eba slika i crte\u017ea znamenitog srpskog slikara Uro\u0161a Predi\u0107a otvorena neredne dve nedelje u Muzeju Horeum Margi &#8211; Ravno.<\/p>\n<p>&#8211; Ovo je \u010detvrta izlo\u017eba najve\u0107ih srpskih slikara. Posetioci mogu da vide vide po \u010demu je Predi\u0107 poznat, a to su portreti. Portret kralja Aleksandar Kara\u0111or\u0111evi\u0107a je predstavnik toga. Predi\u0107 je imao jako razvijenu seriju portreta srpskih monarha. Bavio se \u017eivopisanjem crkava, koje se razlikuje od ostalog njegovog slikarstva. , rekao je Novakovi\u0107.<\/p>\n<p>Izlo\u017eba je otvorena do 25. oktobra, a muzej \u0107e raditi produ\u017eeno.<\/p>\n","protected":false},"excerpt":{"rendered":"<p>\u0106UPRIJA- Izlo\u017eba slika i crte\u017ea znamenitog srpskog slikara Uro\u0161a Predi\u0107a otvorena neredne dve nedelje u Muzeju Horeum Margi &#8211; Ravno. &#8211; Ovo je \u010detvrta izlo\u017eba &hellip; <\/p>\n","protected":false},"author":2,"featured_media":14389,"comment_status":"open","ping_status":"open","sticky":false,"template":"","format":"standard","meta":{"footnotes":""},"categories":[1515,1524,2,15,12],"tags":[44,3169],"_links":{"self":[{"href":"https:\/\/centralmedia.rs\/index.php\/wp-json\/wp\/v2\/posts\/14387"}],"collection":[{"href":"https:\/\/centralmedia.rs\/index.php\/wp-json\/wp\/v2\/posts"}],"about":[{"href":"https:\/\/centralmedia.rs\/index.php\/wp-json\/wp\/v2\/types\/post"}],"author":[{"embeddable":true,"href":"https:\/\/centralmedia.rs\/index.php\/wp-json\/wp\/v2\/users\/2"}],"replies":[{"embeddable":true,"href":"https:\/\/centralmedia.rs\/index.php\/wp-json\/wp\/v2\/comments?post=14387"}],"version-history":[{"count":1,"href":"https:\/\/centralmedia.rs\/index.php\/wp-json\/wp\/v2\/posts\/14387\/revisions"}],"predecessor-version":[{"id":14388,"href":"https:\/\/centralmedia.rs\/index.php\/wp-json\/wp\/v2\/posts\/14387\/revisions\/14388"}],"wp:featuredmedia":[{"embeddable":true,"href":"https:\/\/centralmedia.rs\/index.php\/wp-json\/wp\/v2\/media\/14389"}],"wp:attachment":[{"href":"https:\/\/centralmedia.rs\/index.php\/wp-json\/wp\/v2\/media?parent=14387"}],"wp:term":[{"taxonomy":"category","embeddable":true,"href":"https:\/\/centralmedia.rs\/index.php\/wp-json\/wp\/v2\/categories?post=14387"},{"taxonomy":"post_tag","embeddable":true,"href":"https:\/\/centralmedia.rs\/index.php\/wp-json\/wp\/v2\/tags?post=14387"}],"curies":[{"name":"wp","href":"https:\/\/api.w.org\/{rel}","templated":true}]}}