{"id":14390,"date":"2018-10-13T06:29:26","date_gmt":"2018-10-13T06:29:26","guid":{"rendered":"http:\/\/centralmedia.rs\/?p=14390"},"modified":"2018-10-17T21:01:34","modified_gmt":"2018-10-17T21:01:34","slug":"73-ulicna-trka-u-cupriji-bibic-pobednik","status":"publish","type":"post","link":"https:\/\/centralmedia.rs\/index.php\/2018\/10\/13\/73-ulicna-trka-u-cupriji-bibic-pobednik\/","title":{"rendered":"73. ULI\u010cNA TRKA U \u0106UPRIJI &#8211; BIBI\u0106 POBEDNIK"},"content":{"rendered":"<p>\u0106UPRIJA- Pobednik 73. Uli\u010dne trke u \u0106upriji je Elzan Bibi\u0107 &#8211; Novi Pazar, drugi je Nelson Cherotich &#8211; Kenija i tre\u0107i Ivo Bavabanov &#8211; Bugarska.Nagrade pobednicima uru\u010dili su predsednik op\u0161tine \u0106uprija Ninoslav Eri\u0107 i legenda srpske atletike\u00a0Dane Korica.<\/p>\n<div id='gallery-1' class='gallery galleryid-14390 gallery-columns-3 gallery-size-full'><figure class='gallery-item'>\n\t\t\t<div class='gallery-icon landscape'>\n\t\t\t\t<a href='https:\/\/centralmedia.rs\/index.php\/2018\/10\/13\/73-ulicna-trka-u-cupriji-bibic-pobednik\/1-8\/'><img loading=\"lazy\" decoding=\"async\" width=\"1280\" height=\"622\" src=\"https:\/\/centralmedia.rs\/wp-content\/uploads\/2018\/10\/1.jpg\" class=\"attachment-full size-full\" alt=\"\" srcset=\"https:\/\/centralmedia.rs\/wp-content\/uploads\/2018\/10\/1.jpg 1280w, https:\/\/centralmedia.rs\/wp-content\/uploads\/2018\/10\/1-300x146.jpg 300w, https:\/\/centralmedia.rs\/wp-content\/uploads\/2018\/10\/1-768x373.jpg 768w, https:\/\/centralmedia.rs\/wp-content\/uploads\/2018\/10\/1-1024x498.jpg 1024w, https:\/\/centralmedia.rs\/wp-content\/uploads\/2018\/10\/1-864x420.jpg 864w, https:\/\/centralmedia.rs\/wp-content\/uploads\/2018\/10\/1-640x311.jpg 640w, https:\/\/centralmedia.rs\/wp-content\/uploads\/2018\/10\/1-681x331.jpg 681w\" sizes=\"(max-width: 1280px) 100vw, 1280px\" \/><\/a>\n\t\t\t<\/div><\/figure><figure class='gallery-item'>\n\t\t\t<div class='gallery-icon landscape'>\n\t\t\t\t<a href='https:\/\/centralmedia.rs\/index.php\/2018\/10\/13\/73-ulicna-trka-u-cupriji-bibic-pobednik\/2-8\/'><img loading=\"lazy\" decoding=\"async\" width=\"1280\" height=\"622\" src=\"https:\/\/centralmedia.rs\/wp-content\/uploads\/2018\/10\/2.jpg\" class=\"attachment-full size-full\" alt=\"\" srcset=\"https:\/\/centralmedia.rs\/wp-content\/uploads\/2018\/10\/2.jpg 1280w, https:\/\/centralmedia.rs\/wp-content\/uploads\/2018\/10\/2-300x146.jpg 300w, https:\/\/centralmedia.rs\/wp-content\/uploads\/2018\/10\/2-768x373.jpg 768w, https:\/\/centralmedia.rs\/wp-content\/uploads\/2018\/10\/2-1024x498.jpg 1024w, https:\/\/centralmedia.rs\/wp-content\/uploads\/2018\/10\/2-864x420.jpg 864w, https:\/\/centralmedia.rs\/wp-content\/uploads\/2018\/10\/2-640x311.jpg 640w, https:\/\/centralmedia.rs\/wp-content\/uploads\/2018\/10\/2-681x331.jpg 681w\" sizes=\"(max-width: 1280px) 100vw, 1280px\" \/><\/a>\n\t\t\t<\/div><\/figure><figure class='gallery-item'>\n\t\t\t<div class='gallery-icon landscape'>\n\t\t\t\t<a href='https:\/\/centralmedia.rs\/index.php\/2018\/10\/13\/73-ulicna-trka-u-cupriji-bibic-pobednik\/3-9\/'><img loading=\"lazy\" decoding=\"async\" width=\"1280\" height=\"622\" src=\"https:\/\/centralmedia.rs\/wp-content\/uploads\/2018\/10\/3.jpg\" class=\"attachment-full size-full\" alt=\"\" srcset=\"https:\/\/centralmedia.rs\/wp-content\/uploads\/2018\/10\/3.jpg 1280w, https:\/\/centralmedia.rs\/wp-content\/uploads\/2018\/10\/3-300x146.jpg 300w, https:\/\/centralmedia.rs\/wp-content\/uploads\/2018\/10\/3-768x373.jpg 768w, https:\/\/centralmedia.rs\/wp-content\/uploads\/2018\/10\/3-1024x498.jpg 1024w, https:\/\/centralmedia.rs\/wp-content\/uploads\/2018\/10\/3-864x420.jpg 864w, https:\/\/centralmedia.rs\/wp-content\/uploads\/2018\/10\/3-640x311.jpg 640w, https:\/\/centralmedia.rs\/wp-content\/uploads\/2018\/10\/3-681x331.jpg 681w\" sizes=\"(max-width: 1280px) 100vw, 1280px\" \/><\/a>\n\t\t\t<\/div><\/figure>\n\t\t<\/div>\n\n<p>&#8211; 73. Uli\u010dna trka i ova godina je specifi\u010dna jer zavr\u0161avamo celokupnu konstrukciju za izgradnju atletskog centra u \u0106upriji. O\u010dekujemo za 20. dana da potpi\u0161emo ugovor za izgranju atletske dvorane. \u0106uprija postaje centar atletike, to je san svih atleti\u010dara. O\u010dekujem da u avgustu slede\u0107e godine otvorimo stadion, najavio predsednik op\u0161tine \u0106uprija Ninoslav Eri\u0107, koji je uru\u010dio Klu\u010deve \u0106uprije Slobodanu Brankovi\u0107u.<\/p>\n<p>Posle Vere Nikoli\u0107, Dragana Zdravkovi\u0107a i Sne\u017eane Pajki\u0107, \u0106uprija je dobila jo\u0161 jednog \u0161ampiona Slobodna Brankovi\u0107a, koji je pro\u0161le godine progla\u0161en za Po\u010dasnog gra\u0111anina, ali nije mogao da primi priznanje, pa je Eri\u0107 iskoristio priliku da mu sada uru\u010di.<\/p>\n<p>&#8211; Hvala, nikada do sada nisam ovako nagra\u0111en, hvala \u0106upriji. Jedino \u0161to mogu da obe\u0107am da \u0107u u\u010diniti sve da \u0106uprija postane veliki atletski centar\u00a0 sa ozbiljnim atletskim mitingom, rekao je on.<\/p>\n<p>&#8211; \u0106uprija je obele\u017ei moj \u017eivot. Radujem se, mnogo mi je drago zbog nastavljanja tradicije. Stalno \u0107u da podse\u0107am predsednika op\u0161tine, jer je \u0106uprija zaslu\u017eila atletski stadion. Ponosna sam na pola veka mog rekorda na 800 metara i mnogo sam ponosna, naglasila je Vera Nikoli\u0107.<\/p>\n<p>Dragan Zdravkovi\u0107 je rekao da u uli\u010dnim\u00a0 trkama u\u010destvuje preko 100 atleti\u010dara.<\/p>\n<p>-\u017dao mi je \u0161to nema vi\u0161e publike na ulicama, ovo je najbolje organizovana uli\u010dna trka u Srbiji. Ne znam za\u0161to je to tako. \u0106uprija je grad atletike, ali ostaje to pitanje, negde gre\u0161imo trudi\u0107emo da ispravimo. Imamo \u0161ampione, goste iz inostranstva, ka\u017ee on.<\/p>\n<p>Bilo je 13 trka, a po\u010delo je od pred\u0161kolskog uzrasta, koji su tr\u010dali na 150 metara, a velika borba se vodila i me\u0111u starijim juniorima na 1.500 i juniorkama na 1.200 metara.<\/p>\n","protected":false},"excerpt":{"rendered":"<p>\u0106UPRIJA- Pobednik 73. Uli\u010dne trke u \u0106upriji je Elzan Bibi\u0107 &#8211; Novi Pazar, drugi je Nelson Cherotich &#8211; Kenija i tre\u0107i Ivo Bavabanov &#8211; Bugarska.Nagrade &hellip; <\/p>\n","protected":false},"author":2,"featured_media":14391,"comment_status":"open","ping_status":"open","sticky":false,"template":"","format":"standard","meta":{"footnotes":""},"categories":[1515,1524,2,887,21,12],"tags":[3178,44,3204],"_links":{"self":[{"href":"https:\/\/centralmedia.rs\/index.php\/wp-json\/wp\/v2\/posts\/14390"}],"collection":[{"href":"https:\/\/centralmedia.rs\/index.php\/wp-json\/wp\/v2\/posts"}],"about":[{"href":"https:\/\/centralmedia.rs\/index.php\/wp-json\/wp\/v2\/types\/post"}],"author":[{"embeddable":true,"href":"https:\/\/centralmedia.rs\/index.php\/wp-json\/wp\/v2\/users\/2"}],"replies":[{"embeddable":true,"href":"https:\/\/centralmedia.rs\/index.php\/wp-json\/wp\/v2\/comments?post=14390"}],"version-history":[{"count":4,"href":"https:\/\/centralmedia.rs\/index.php\/wp-json\/wp\/v2\/posts\/14390\/revisions"}],"predecessor-version":[{"id":14398,"href":"https:\/\/centralmedia.rs\/index.php\/wp-json\/wp\/v2\/posts\/14390\/revisions\/14398"}],"wp:featuredmedia":[{"embeddable":true,"href":"https:\/\/centralmedia.rs\/index.php\/wp-json\/wp\/v2\/media\/14391"}],"wp:attachment":[{"href":"https:\/\/centralmedia.rs\/index.php\/wp-json\/wp\/v2\/media?parent=14390"}],"wp:term":[{"taxonomy":"category","embeddable":true,"href":"https:\/\/centralmedia.rs\/index.php\/wp-json\/wp\/v2\/categories?post=14390"},{"taxonomy":"post_tag","embeddable":true,"href":"https:\/\/centralmedia.rs\/index.php\/wp-json\/wp\/v2\/tags?post=14390"}],"curies":[{"name":"wp","href":"https:\/\/api.w.org\/{rel}","templated":true}]}}