{"id":14408,"date":"2018-10-13T17:57:11","date_gmt":"2018-10-13T17:57:11","guid":{"rendered":"http:\/\/centralmedia.rs\/?p=14408"},"modified":"2018-10-18T16:42:42","modified_gmt":"2018-10-18T16:42:42","slug":"zavrsen-20-medunarodni-sajam-privrede-u-paracinu-autokuca-tasic-apsolutni-pobednik","status":"publish","type":"post","link":"https:\/\/centralmedia.rs\/index.php\/2018\/10\/13\/zavrsen-20-medunarodni-sajam-privrede-u-paracinu-autokuca-tasic-apsolutni-pobednik\/","title":{"rendered":"ZAVR\u0160EN 20. ME\u0110UNARODNI SAJAM PRIVREDE U PARA\u0106INU &#8211; AUTOKU\u0106A TASI\u0106 APSOLUTNI POBEDNIK"},"content":{"rendered":"<p>PARA\u0106IN- Autoku\u0107a Tasi\u0107 iz Jagodine apsolutni je pobednik 20. Me\u0111unarodnog sajma privrede u Para\u0107inu.<\/p>\n<div id='gallery-1' class='gallery galleryid-14408 gallery-columns-3 gallery-size-full'><figure class='gallery-item'>\n\t\t\t<div class='gallery-icon landscape'>\n\t\t\t\t<a href='https:\/\/centralmedia.rs\/index.php\/2018\/10\/13\/zavrsen-20-medunarodni-sajam-privrede-u-paracinu-autokuca-tasic-apsolutni-pobednik\/2-10\/'><img loading=\"lazy\" decoding=\"async\" width=\"1280\" height=\"622\" src=\"https:\/\/centralmedia.rs\/wp-content\/uploads\/2018\/10\/2-2.jpg\" class=\"attachment-full size-full\" alt=\"\" srcset=\"https:\/\/centralmedia.rs\/wp-content\/uploads\/2018\/10\/2-2.jpg 1280w, https:\/\/centralmedia.rs\/wp-content\/uploads\/2018\/10\/2-2-300x146.jpg 300w, https:\/\/centralmedia.rs\/wp-content\/uploads\/2018\/10\/2-2-768x373.jpg 768w, https:\/\/centralmedia.rs\/wp-content\/uploads\/2018\/10\/2-2-1024x498.jpg 1024w, https:\/\/centralmedia.rs\/wp-content\/uploads\/2018\/10\/2-2-864x420.jpg 864w, https:\/\/centralmedia.rs\/wp-content\/uploads\/2018\/10\/2-2-640x311.jpg 640w, https:\/\/centralmedia.rs\/wp-content\/uploads\/2018\/10\/2-2-681x331.jpg 681w\" sizes=\"(max-width: 1280px) 100vw, 1280px\" \/><\/a>\n\t\t\t<\/div><\/figure><figure class='gallery-item'>\n\t\t\t<div class='gallery-icon landscape'>\n\t\t\t\t<a href='https:\/\/centralmedia.rs\/index.php\/2018\/10\/13\/zavrsen-20-medunarodni-sajam-privrede-u-paracinu-autokuca-tasic-apsolutni-pobednik\/3-11\/'><img loading=\"lazy\" decoding=\"async\" width=\"1280\" height=\"622\" src=\"https:\/\/centralmedia.rs\/wp-content\/uploads\/2018\/10\/3-2.jpg\" class=\"attachment-full size-full\" alt=\"\" srcset=\"https:\/\/centralmedia.rs\/wp-content\/uploads\/2018\/10\/3-2.jpg 1280w, https:\/\/centralmedia.rs\/wp-content\/uploads\/2018\/10\/3-2-300x146.jpg 300w, https:\/\/centralmedia.rs\/wp-content\/uploads\/2018\/10\/3-2-768x373.jpg 768w, https:\/\/centralmedia.rs\/wp-content\/uploads\/2018\/10\/3-2-1024x498.jpg 1024w, https:\/\/centralmedia.rs\/wp-content\/uploads\/2018\/10\/3-2-864x420.jpg 864w, https:\/\/centralmedia.rs\/wp-content\/uploads\/2018\/10\/3-2-640x311.jpg 640w, https:\/\/centralmedia.rs\/wp-content\/uploads\/2018\/10\/3-2-681x331.jpg 681w\" sizes=\"(max-width: 1280px) 100vw, 1280px\" \/><\/a>\n\t\t\t<\/div><\/figure><figure class='gallery-item'>\n\t\t\t<div class='gallery-icon landscape'>\n\t\t\t\t<a href='https:\/\/centralmedia.rs\/index.php\/2018\/10\/13\/zavrsen-20-medunarodni-sajam-privrede-u-paracinu-autokuca-tasic-apsolutni-pobednik\/sp-6\/'><img loading=\"lazy\" decoding=\"async\" width=\"1280\" height=\"622\" src=\"https:\/\/centralmedia.rs\/wp-content\/uploads\/2018\/10\/sp-3.jpg\" class=\"attachment-full size-full\" alt=\"\" srcset=\"https:\/\/centralmedia.rs\/wp-content\/uploads\/2018\/10\/sp-3.jpg 1280w, https:\/\/centralmedia.rs\/wp-content\/uploads\/2018\/10\/sp-3-300x146.jpg 300w, https:\/\/centralmedia.rs\/wp-content\/uploads\/2018\/10\/sp-3-768x373.jpg 768w, https:\/\/centralmedia.rs\/wp-content\/uploads\/2018\/10\/sp-3-1024x498.jpg 1024w, https:\/\/centralmedia.rs\/wp-content\/uploads\/2018\/10\/sp-3-864x420.jpg 864w, https:\/\/centralmedia.rs\/wp-content\/uploads\/2018\/10\/sp-3-640x311.jpg 640w, https:\/\/centralmedia.rs\/wp-content\/uploads\/2018\/10\/sp-3-681x331.jpg 681w\" sizes=\"(max-width: 1280px) 100vw, 1280px\" \/><\/a>\n\t\t\t<\/div><\/figure>\n\t\t<\/div>\n\n<p>-Ve\u0107 par godina prisutni smo na sajmu, trudimo se da na\u0161 \u0161tadn bude sve bolji. Izla\u017eemo Foklsvagen vozila. O\u010dekivali smo nagradu, jer smo naporno radili na marketingu, \u0161to ej bilo klju\u010dno da na\u0161e klijente. Tu su aktraktivne hostese. Sajam je zna\u010dajan je dobro pozicionira na\u0161 brend. \u017divi kontakt sa automobilima je presudan za dalji korak i kupovinu, ka\u017ee menad\u017eer prodaje Igor Stamenkovi\u0107.<\/p>\n<p>U kategoriji za inovaciju i kvalitet pobedila je Konsultantska ku\u0107a JN&amp;AN Nikoli\u0107 iz Para\u0107ina, za ure\u0111enost \u0161tanda Denikom i Kepo kotlovi iz Kosjeri\u0107a, za marketin\u0161ki nastup Vojv\u0111anska banka, za najbolji prvi nastup Autoku\u0107a Svetozarevo promet i za ndugogodi\u0161nju saradnju Udru\u017eenje vinski vitezovi Pomoravske regije Steva pisar.<\/p>\n<p>-Izaga\u010di su veoma zadovoljni, kao i posetioci, sa ovogodi\u0161njim jubilarnim sajmom. Zadovoljni su i proizvo\u0111a\u010di meda i rakije, ali i ve\u0107e kompanije koje su sklopile zna\u010dajne ugovore. Pokazalo se da je Sajam privrede zna\u010dajna manifestacija koja privu\u010de veliki beoj privrednika i posetilaca. Zadovoljni smo sa brojem posetialaca, kao i izlaga\u010dima koji su iz Srbije i susednih zemalja. O\u010dekujem da slede\u0107i Sajam \u00a0bude odr\u017ean u ve\u0107em prostoru, odnosno da se obavi pro\u0161irenje, isti\u010de direktor Turisti\u010dke organizacije Aljo\u0161a Gligorijevi\u0107.<\/p>\n<p>Danas je obavljena i gastropromocija ,,Para\u0107inskog \u0107evapa&#8221; i ,,Vasine torte&#8221;, te izvu\u010dena imean nagra\u0111enih u nagradnoj igri.<\/p>\n","protected":false},"excerpt":{"rendered":"<p>PARA\u0106IN- Autoku\u0107a Tasi\u0107 iz Jagodine apsolutni je pobednik 20. Me\u0111unarodnog sajma privrede u Para\u0107inu. -Ve\u0107 par godina prisutni smo na sajmu, trudimo se da na\u0161 &hellip; <\/p>\n","protected":false},"author":2,"featured_media":14409,"comment_status":"open","ping_status":"open","sticky":false,"template":"","format":"standard","meta":{"footnotes":""},"categories":[22,1524,2,1516,12],"tags":[156,1375],"_links":{"self":[{"href":"https:\/\/centralmedia.rs\/index.php\/wp-json\/wp\/v2\/posts\/14408"}],"collection":[{"href":"https:\/\/centralmedia.rs\/index.php\/wp-json\/wp\/v2\/posts"}],"about":[{"href":"https:\/\/centralmedia.rs\/index.php\/wp-json\/wp\/v2\/types\/post"}],"author":[{"embeddable":true,"href":"https:\/\/centralmedia.rs\/index.php\/wp-json\/wp\/v2\/users\/2"}],"replies":[{"embeddable":true,"href":"https:\/\/centralmedia.rs\/index.php\/wp-json\/wp\/v2\/comments?post=14408"}],"version-history":[{"count":1,"href":"https:\/\/centralmedia.rs\/index.php\/wp-json\/wp\/v2\/posts\/14408\/revisions"}],"predecessor-version":[{"id":14413,"href":"https:\/\/centralmedia.rs\/index.php\/wp-json\/wp\/v2\/posts\/14408\/revisions\/14413"}],"wp:featuredmedia":[{"embeddable":true,"href":"https:\/\/centralmedia.rs\/index.php\/wp-json\/wp\/v2\/media\/14409"}],"wp:attachment":[{"href":"https:\/\/centralmedia.rs\/index.php\/wp-json\/wp\/v2\/media?parent=14408"}],"wp:term":[{"taxonomy":"category","embeddable":true,"href":"https:\/\/centralmedia.rs\/index.php\/wp-json\/wp\/v2\/categories?post=14408"},{"taxonomy":"post_tag","embeddable":true,"href":"https:\/\/centralmedia.rs\/index.php\/wp-json\/wp\/v2\/tags?post=14408"}],"curies":[{"name":"wp","href":"https:\/\/api.w.org\/{rel}","templated":true}]}}