{"id":14420,"date":"2018-10-14T06:36:00","date_gmt":"2018-10-14T06:36:00","guid":{"rendered":"http:\/\/centralmedia.rs\/?p=14420"},"modified":"2018-10-15T12:11:38","modified_gmt":"2018-10-15T12:11:38","slug":"haos-animatora-zurka-u-centru-cuprije","status":"publish","type":"post","link":"https:\/\/centralmedia.rs\/index.php\/2018\/10\/14\/haos-animatora-zurka-u-centru-cuprije\/","title":{"rendered":"HAOS ANIMATORA &#8211; \u017dURKA U CENTRU \u0106UPRIJE"},"content":{"rendered":"<p>\u0106UPRIJA- Za najmla\u0111e \u0106upri\u010dane, povodom Dana op\u0161tine, organizovana je haos \u017eurka sa vi\u0161e animatora koji su bili raznim kostimima poznatih de\u010dijih likova. Led, vatra, akrobatika, razdragana i ansmejana lica najmla\u0111ih&#8230; su re\u010di koje opisuju subotu popodne.<\/p>\n<div id='gallery-1' class='gallery galleryid-14420 gallery-columns-2 gallery-size-full'><figure class='gallery-item'>\n\t\t\t<div class='gallery-icon portrait'>\n\t\t\t\t<a href='https:\/\/centralmedia.rs\/index.php\/2018\/10\/14\/haos-animatora-zurka-u-centru-cuprije\/h-4\/'><img loading=\"lazy\" decoding=\"async\" width=\"719\" height=\"960\" src=\"https:\/\/centralmedia.rs\/wp-content\/uploads\/2018\/10\/h-2.jpg\" class=\"attachment-full size-full\" alt=\"\" srcset=\"https:\/\/centralmedia.rs\/wp-content\/uploads\/2018\/10\/h-2.jpg 719w, https:\/\/centralmedia.rs\/wp-content\/uploads\/2018\/10\/h-2-225x300.jpg 225w, https:\/\/centralmedia.rs\/wp-content\/uploads\/2018\/10\/h-2-315x420.jpg 315w, https:\/\/centralmedia.rs\/wp-content\/uploads\/2018\/10\/h-2-640x855.jpg 640w, https:\/\/centralmedia.rs\/wp-content\/uploads\/2018\/10\/h-2-681x909.jpg 681w\" sizes=\"(max-width: 719px) 100vw, 719px\" \/><\/a>\n\t\t\t<\/div><\/figure><figure class='gallery-item'>\n\t\t\t<div class='gallery-icon portrait'>\n\t\t\t\t<a href='https:\/\/centralmedia.rs\/index.php\/2018\/10\/14\/haos-animatora-zurka-u-centru-cuprije\/h2-2\/'><img loading=\"lazy\" decoding=\"async\" width=\"719\" height=\"960\" src=\"https:\/\/centralmedia.rs\/wp-content\/uploads\/2018\/10\/h2.jpg\" class=\"attachment-full size-full\" alt=\"\" srcset=\"https:\/\/centralmedia.rs\/wp-content\/uploads\/2018\/10\/h2.jpg 719w, https:\/\/centralmedia.rs\/wp-content\/uploads\/2018\/10\/h2-225x300.jpg 225w, https:\/\/centralmedia.rs\/wp-content\/uploads\/2018\/10\/h2-315x420.jpg 315w, https:\/\/centralmedia.rs\/wp-content\/uploads\/2018\/10\/h2-640x855.jpg 640w, https:\/\/centralmedia.rs\/wp-content\/uploads\/2018\/10\/h2-681x909.jpg 681w\" sizes=\"(max-width: 719px) 100vw, 719px\" \/><\/a>\n\t\t\t<\/div><\/figure>\n\t\t<\/div>\n\n<p>Foto TO \u0106uprija<\/p>\n<p>&nbsp;<\/p>\n","protected":false},"excerpt":{"rendered":"<p>\u0106UPRIJA- Za najmla\u0111e \u0106upri\u010dane, povodom Dana op\u0161tine, organizovana je haos \u017eurka sa vi\u0161e animatora koji su bili raznim kostimima poznatih de\u010dijih likova. Led, vatra, akrobatika, &hellip; <\/p>\n","protected":false},"author":2,"featured_media":14421,"comment_status":"open","ping_status":"open","sticky":false,"template":"","format":"standard","meta":{"footnotes":""},"categories":[1515,1524,2,23,887,30],"tags":[44,3205],"_links":{"self":[{"href":"https:\/\/centralmedia.rs\/index.php\/wp-json\/wp\/v2\/posts\/14420"}],"collection":[{"href":"https:\/\/centralmedia.rs\/index.php\/wp-json\/wp\/v2\/posts"}],"about":[{"href":"https:\/\/centralmedia.rs\/index.php\/wp-json\/wp\/v2\/types\/post"}],"author":[{"embeddable":true,"href":"https:\/\/centralmedia.rs\/index.php\/wp-json\/wp\/v2\/users\/2"}],"replies":[{"embeddable":true,"href":"https:\/\/centralmedia.rs\/index.php\/wp-json\/wp\/v2\/comments?post=14420"}],"version-history":[{"count":1,"href":"https:\/\/centralmedia.rs\/index.php\/wp-json\/wp\/v2\/posts\/14420\/revisions"}],"predecessor-version":[{"id":14424,"href":"https:\/\/centralmedia.rs\/index.php\/wp-json\/wp\/v2\/posts\/14420\/revisions\/14424"}],"wp:featuredmedia":[{"embeddable":true,"href":"https:\/\/centralmedia.rs\/index.php\/wp-json\/wp\/v2\/media\/14421"}],"wp:attachment":[{"href":"https:\/\/centralmedia.rs\/index.php\/wp-json\/wp\/v2\/media?parent=14420"}],"wp:term":[{"taxonomy":"category","embeddable":true,"href":"https:\/\/centralmedia.rs\/index.php\/wp-json\/wp\/v2\/categories?post=14420"},{"taxonomy":"post_tag","embeddable":true,"href":"https:\/\/centralmedia.rs\/index.php\/wp-json\/wp\/v2\/tags?post=14420"}],"curies":[{"name":"wp","href":"https:\/\/api.w.org\/{rel}","templated":true}]}}