{"id":14427,"date":"2018-10-14T06:39:01","date_gmt":"2018-10-14T06:39:01","guid":{"rendered":"http:\/\/centralmedia.rs\/?p=14427"},"modified":"2018-10-19T17:22:08","modified_gmt":"2018-10-19T17:22:08","slug":"koncert-sanje-ilica-i-balkanike-i-veliki-vatromet-povodom-dana-cuprije","status":"publish","type":"post","link":"https:\/\/centralmedia.rs\/index.php\/2018\/10\/14\/koncert-sanje-ilica-i-balkanike-i-veliki-vatromet-povodom-dana-cuprije\/","title":{"rendered":"KONCERT SANJE ILI\u0106A I BALKANIKE I VELIKI VATROMET POVODOM DANA \u0106UPRIJE (FOTO)"},"content":{"rendered":"<p>\u0106UPRIJA- Koncert Sanje Ili\u0107a i Balkanike povodom Dana \u0106uprije okupio vi\u0161e hiljada gra\u0111ana iz tog grada ali i susednih gradova. Uz poznate muzi\u010dke numere publika je u\u017eivala i pevala sa Milicom i Mladenom. Za kraj je upri\u010den veliki vatromet.<\/p>\n<div id='gallery-1' class='gallery galleryid-14427 gallery-columns-7 gallery-size-thumbnail'><figure class='gallery-item'>\n\t\t\t<div class='gallery-icon landscape'>\n\t\t\t\t<a href='https:\/\/centralmedia.rs\/index.php\/2018\/10\/14\/koncert-sanje-ilica-i-balkanike-i-veliki-vatromet-povodom-dana-cuprije\/b1-3\/'><img loading=\"lazy\" decoding=\"async\" width=\"150\" height=\"150\" src=\"https:\/\/centralmedia.rs\/wp-content\/uploads\/2018\/10\/b1-150x150.jpg\" class=\"attachment-thumbnail size-thumbnail\" alt=\"\" \/><\/a>\n\t\t\t<\/div><\/figure><figure class='gallery-item'>\n\t\t\t<div class='gallery-icon landscape'>\n\t\t\t\t<a href='https:\/\/centralmedia.rs\/index.php\/2018\/10\/14\/koncert-sanje-ilica-i-balkanike-i-veliki-vatromet-povodom-dana-cuprije\/b2-3\/'><img loading=\"lazy\" decoding=\"async\" width=\"150\" height=\"150\" src=\"https:\/\/centralmedia.rs\/wp-content\/uploads\/2018\/10\/b2-150x150.jpg\" class=\"attachment-thumbnail size-thumbnail\" alt=\"\" \/><\/a>\n\t\t\t<\/div><\/figure><figure class='gallery-item'>\n\t\t\t<div class='gallery-icon landscape'>\n\t\t\t\t<a href='https:\/\/centralmedia.rs\/index.php\/2018\/10\/14\/koncert-sanje-ilica-i-balkanike-i-veliki-vatromet-povodom-dana-cuprije\/b3-3\/'><img loading=\"lazy\" decoding=\"async\" width=\"150\" height=\"150\" src=\"https:\/\/centralmedia.rs\/wp-content\/uploads\/2018\/10\/b3-150x150.jpg\" class=\"attachment-thumbnail size-thumbnail\" alt=\"\" \/><\/a>\n\t\t\t<\/div><\/figure><figure class='gallery-item'>\n\t\t\t<div class='gallery-icon landscape'>\n\t\t\t\t<a href='https:\/\/centralmedia.rs\/index.php\/2018\/10\/14\/koncert-sanje-ilica-i-balkanike-i-veliki-vatromet-povodom-dana-cuprije\/b4-2\/'><img loading=\"lazy\" decoding=\"async\" width=\"150\" height=\"150\" src=\"https:\/\/centralmedia.rs\/wp-content\/uploads\/2018\/10\/b4-150x150.jpg\" class=\"attachment-thumbnail size-thumbnail\" alt=\"\" \/><\/a>\n\t\t\t<\/div><\/figure><figure class='gallery-item'>\n\t\t\t<div class='gallery-icon portrait'>\n\t\t\t\t<a href='https:\/\/centralmedia.rs\/index.php\/2018\/10\/14\/koncert-sanje-ilica-i-balkanike-i-veliki-vatromet-povodom-dana-cuprije\/b5-2\/'><img loading=\"lazy\" decoding=\"async\" width=\"150\" height=\"150\" src=\"https:\/\/centralmedia.rs\/wp-content\/uploads\/2018\/10\/b5-150x150.jpg\" class=\"attachment-thumbnail size-thumbnail\" alt=\"\" \/><\/a>\n\t\t\t<\/div><\/figure><figure class='gallery-item'>\n\t\t\t<div class='gallery-icon landscape'>\n\t\t\t\t<a href='https:\/\/centralmedia.rs\/index.php\/2018\/10\/14\/koncert-sanje-ilica-i-balkanike-i-veliki-vatromet-povodom-dana-cuprije\/b6-2\/'><img loading=\"lazy\" decoding=\"async\" width=\"150\" height=\"150\" src=\"https:\/\/centralmedia.rs\/wp-content\/uploads\/2018\/10\/b6-150x150.jpg\" class=\"attachment-thumbnail size-thumbnail\" alt=\"\" \/><\/a>\n\t\t\t<\/div><\/figure><figure class='gallery-item'>\n\t\t\t<div class='gallery-icon landscape'>\n\t\t\t\t<a href='https:\/\/centralmedia.rs\/index.php\/2018\/10\/14\/koncert-sanje-ilica-i-balkanike-i-veliki-vatromet-povodom-dana-cuprije\/b7-2\/'><img loading=\"lazy\" decoding=\"async\" width=\"150\" height=\"150\" src=\"https:\/\/centralmedia.rs\/wp-content\/uploads\/2018\/10\/b7-150x150.jpg\" class=\"attachment-thumbnail size-thumbnail\" alt=\"\" \/><\/a>\n\t\t\t<\/div><\/figure>\n\t\t<\/div>\n\n<p>&nbsp;<\/p>\n","protected":false},"excerpt":{"rendered":"<p>\u0106UPRIJA- Koncert Sanje Ili\u0107a i Balkanike povodom Dana \u0106uprije okupio vi\u0161e hiljada gra\u0111ana iz tog grada ali i susednih gradova. Uz poznate muzi\u010dke numere publika &hellip; <\/p>\n","protected":false},"author":2,"featured_media":14430,"comment_status":"open","ping_status":"open","sticky":false,"template":"","format":"standard","meta":{"footnotes":""},"categories":[1515,1524,2,23,887,3055],"tags":[1613,44,422,3207,3206],"_links":{"self":[{"href":"https:\/\/centralmedia.rs\/index.php\/wp-json\/wp\/v2\/posts\/14427"}],"collection":[{"href":"https:\/\/centralmedia.rs\/index.php\/wp-json\/wp\/v2\/posts"}],"about":[{"href":"https:\/\/centralmedia.rs\/index.php\/wp-json\/wp\/v2\/types\/post"}],"author":[{"embeddable":true,"href":"https:\/\/centralmedia.rs\/index.php\/wp-json\/wp\/v2\/users\/2"}],"replies":[{"embeddable":true,"href":"https:\/\/centralmedia.rs\/index.php\/wp-json\/wp\/v2\/comments?post=14427"}],"version-history":[{"count":3,"href":"https:\/\/centralmedia.rs\/index.php\/wp-json\/wp\/v2\/posts\/14427\/revisions"}],"predecessor-version":[{"id":14438,"href":"https:\/\/centralmedia.rs\/index.php\/wp-json\/wp\/v2\/posts\/14427\/revisions\/14438"}],"wp:featuredmedia":[{"embeddable":true,"href":"https:\/\/centralmedia.rs\/index.php\/wp-json\/wp\/v2\/media\/14430"}],"wp:attachment":[{"href":"https:\/\/centralmedia.rs\/index.php\/wp-json\/wp\/v2\/media?parent=14427"}],"wp:term":[{"taxonomy":"category","embeddable":true,"href":"https:\/\/centralmedia.rs\/index.php\/wp-json\/wp\/v2\/categories?post=14427"},{"taxonomy":"post_tag","embeddable":true,"href":"https:\/\/centralmedia.rs\/index.php\/wp-json\/wp\/v2\/tags?post=14427"}],"curies":[{"name":"wp","href":"https:\/\/api.w.org\/{rel}","templated":true}]}}