{"id":14486,"date":"2018-10-17T20:28:35","date_gmt":"2018-10-17T20:28:35","guid":{"rendered":"http:\/\/centralmedia.rs\/?p=14486"},"modified":"2018-10-22T12:30:49","modified_gmt":"2018-10-22T12:30:49","slug":"tema-na-cuprijskoj-skupstini-gasna-stanica-visoke-medicinske-skole-na-parkingu","status":"publish","type":"post","link":"https:\/\/centralmedia.rs\/index.php\/2018\/10\/17\/tema-na-cuprijskoj-skupstini-gasna-stanica-visoke-medicinske-skole-na-parkingu\/","title":{"rendered":"TEMA NA \u0106UPRIJSKOJ SKUP\u0160TINI &#8211; GASNA STANICA VISOKE MEDICINSKE \u0160KOLE NA PARKINGU?"},"content":{"rendered":"<p>\u0106UPRIJA- Po\u010detak sednice SO \u0106uprija obele\u017eilo je pitanje odbornika JS Sini\u0161e Jankovi\u0107a o gasifikaciji Vi\u0161e medicinske \u0161kole u tom gradu na koje su odgovorili predsednik SO Branilimr Tazi\u0107 i predsednik op\u0161tine Ninoslav Eri\u0107.<\/p>\n<p>&#8211; Prvi zahtev je zaklju\u010dkom odba\u010den jer je projektant locirao objekat na susednoj parceli \u0161to nije bilo u skladu sa zahtevom i prilo\u017eenom dokumentacijom. U drugom usagla\u0161enom zahtevu objekat merno regulacione stanice lociran je na povr\u0161ini planiranoj za javnu namenu parking, \u0161to nije u skladu sa planom generalne regulacije \u0106uprije. Planoci su javno dostupni svim zainteresovanim licima. Zahtev je dobio negativne lokacijske uslove i potrebno je da se ispravi, rekao je Tazi\u0107.<\/p>\n<p>Povodom spekulacija da se radi o politi\u010dkom momentu u pri\u010di o neodobravnju dozvole za izgradnju \u00a0merno regualcione stanice za potrebe Vi\u0161e medicisnke \u0161kole, predsednik op\u0161tine Ninoslav Eri\u0107 je rekao da nema ni pomisli o tako ne\u010demu i da je re\u010d o tehmi\u010dkom problemu u projektu koji podnosilac zahteva treba da ispravi.<\/p>\n<p>&#8211; Daleko od toga da lokalna samouprava ko\u010di takav projekat. Ali da bi bio pravno valjan projekat mora u planskom dokumentu da ime osnov da bi dobili uslove. Na parkingu nije mogu\u0107a izgradnja gasne stanice, mora na zelenoj povr\u0161ini koja je pored. Taj ko je radio projekt mora prvo da pogleda planski dokument, pa na osnovu toga da ucrta gde \u0107e da se nalazi gasna stanica. Ne mo\u017ee da je nacrta na parkingu u centru grada. Projektant treba da izmeni projekat i prilagodi se lokacijskim uslovima, jer tu stoji gde takav objekat mo\u017ee da izgradi. \u0160kola ima veliki zna\u010daj i ne treba imati sumnju da lokalna samouprava ima neku drugu nameru, objasnio je Eri\u0107.<\/p>\n","protected":false},"excerpt":{"rendered":"<p>\u0106UPRIJA- Po\u010detak sednice SO \u0106uprija obele\u017eilo je pitanje odbornika JS Sini\u0161e Jankovi\u0107a o gasifikaciji Vi\u0161e medicinske \u0161kole u tom gradu na koje su odgovorili predsednik &hellip; <\/p>\n","protected":false},"author":2,"featured_media":14487,"comment_status":"open","ping_status":"open","sticky":false,"template":"","format":"standard","meta":{"footnotes":""},"categories":[1515,1524,2,13,887,12],"tags":[3215,3216,805,1687],"_links":{"self":[{"href":"https:\/\/centralmedia.rs\/index.php\/wp-json\/wp\/v2\/posts\/14486"}],"collection":[{"href":"https:\/\/centralmedia.rs\/index.php\/wp-json\/wp\/v2\/posts"}],"about":[{"href":"https:\/\/centralmedia.rs\/index.php\/wp-json\/wp\/v2\/types\/post"}],"author":[{"embeddable":true,"href":"https:\/\/centralmedia.rs\/index.php\/wp-json\/wp\/v2\/users\/2"}],"replies":[{"embeddable":true,"href":"https:\/\/centralmedia.rs\/index.php\/wp-json\/wp\/v2\/comments?post=14486"}],"version-history":[{"count":1,"href":"https:\/\/centralmedia.rs\/index.php\/wp-json\/wp\/v2\/posts\/14486\/revisions"}],"predecessor-version":[{"id":14488,"href":"https:\/\/centralmedia.rs\/index.php\/wp-json\/wp\/v2\/posts\/14486\/revisions\/14488"}],"wp:featuredmedia":[{"embeddable":true,"href":"https:\/\/centralmedia.rs\/index.php\/wp-json\/wp\/v2\/media\/14487"}],"wp:attachment":[{"href":"https:\/\/centralmedia.rs\/index.php\/wp-json\/wp\/v2\/media?parent=14486"}],"wp:term":[{"taxonomy":"category","embeddable":true,"href":"https:\/\/centralmedia.rs\/index.php\/wp-json\/wp\/v2\/categories?post=14486"},{"taxonomy":"post_tag","embeddable":true,"href":"https:\/\/centralmedia.rs\/index.php\/wp-json\/wp\/v2\/tags?post=14486"}],"curies":[{"name":"wp","href":"https:\/\/api.w.org\/{rel}","templated":true}]}}