{"id":14489,"date":"2018-10-17T20:39:57","date_gmt":"2018-10-17T20:39:57","guid":{"rendered":"http:\/\/centralmedia.rs\/?p=14489"},"modified":"2018-10-22T12:29:49","modified_gmt":"2018-10-22T12:29:49","slug":"vek-od-oslobodenja-cuprije-u-prvom-svetskom-ratu","status":"publish","type":"post","link":"https:\/\/centralmedia.rs\/index.php\/2018\/10\/17\/vek-od-oslobodenja-cuprije-u-prvom-svetskom-ratu\/","title":{"rendered":"VEK OD OSLOBO\u0110ENJA \u0106UPRIJE U PRVOM SVETSKOM RATU"},"content":{"rendered":"<p>\u0106URIJA- Nizom manifestacija bi\u0107e obele\u017eena 100. godi\u0161njica oslobo\u0111enja \u0106uprije u Prvom svetskom ratu.<\/p>\n<p>25.10.\/10:30 &#8211; parastos, spomen-kosturnica &#8211; Kru\u0161ar<\/p>\n<p>25.10.\/14:00 &#8211; polaganje venaca &#8211; centar grada -\u0106uprija<\/p>\n<p>25.10.\/20:00 &#8211; monodrama &#8220;Milunnka Savi\u0107&#8221;( Vesna Stankovi\u0107 ) &#8211; sala \u0160OMO\/ promo cena 100 din. (prodaja od 23.10. 13-16; 17-19)<\/p>\n<p>29.10.\/19:00\u00a0 &#8211; Izlo\u017eba &#8220;\u0106uprija u Velikom ratu&#8221;, galerija Ustanove kulture<\/p>\n<p>2.11.\/18:00 &#8211; Promocija knjige &#8220;Od Skadra do \u0106uprije&#8221;, galerija Ustanove kulture \u0106uprija<\/p>\n<p>8.11.\/19.00 &#8211; Dokumentarni film\u00a0 &#8220;Prvi svetski rat &#8220;, galerija Ustanove kulture \u0106uprija<\/p>\n<p>Srpska vojska oslobodila je \u0106upriju i Jagodinu 25. oktobra 1918. godine u velikom juri\u0161u Srpskih vojnika, 40 dana od proboja Solunskog fronta. Velika pobeda Srpske vojske. Put prema Beograda tada je bio otvoren. Od 6.000 mobilisanih u Jagodinskom srezu, 2.000 se nije vratilo svojim ku\u0107ama. Para\u0107in je oslobo\u0111en 23., a Rekovac 24. oktobra. \u00a0U \u0106upriji \u0107e od 25. oktobra do 8. novembra biti odr\u017eane prigodne manifestacije.<\/p>\n<p>Oslobo\u0111enje Para\u0107ina u Prvom svetskom ratu biti obele\u017eeno posebnom autorskom izlo\u017ebom Zavi\u010dajnog muzeja.<\/p>\n","protected":false},"excerpt":{"rendered":"<p>\u0106URIJA- Nizom manifestacija bi\u0107e obele\u017eena 100. godi\u0161njica oslobo\u0111enja \u0106uprije u Prvom svetskom ratu. 25.10.\/10:30 &#8211; parastos, spomen-kosturnica &#8211; Kru\u0161ar 25.10.\/14:00 &#8211; polaganje venaca &#8211; centar &hellip; <\/p>\n","protected":false},"author":2,"featured_media":14490,"comment_status":"open","ping_status":"open","sticky":false,"template":"","format":"standard","meta":{"footnotes":""},"categories":[1515,14,1524,2,887,12],"tags":[44,3217,2431,3218],"_links":{"self":[{"href":"https:\/\/centralmedia.rs\/index.php\/wp-json\/wp\/v2\/posts\/14489"}],"collection":[{"href":"https:\/\/centralmedia.rs\/index.php\/wp-json\/wp\/v2\/posts"}],"about":[{"href":"https:\/\/centralmedia.rs\/index.php\/wp-json\/wp\/v2\/types\/post"}],"author":[{"embeddable":true,"href":"https:\/\/centralmedia.rs\/index.php\/wp-json\/wp\/v2\/users\/2"}],"replies":[{"embeddable":true,"href":"https:\/\/centralmedia.rs\/index.php\/wp-json\/wp\/v2\/comments?post=14489"}],"version-history":[{"count":4,"href":"https:\/\/centralmedia.rs\/index.php\/wp-json\/wp\/v2\/posts\/14489\/revisions"}],"predecessor-version":[{"id":14509,"href":"https:\/\/centralmedia.rs\/index.php\/wp-json\/wp\/v2\/posts\/14489\/revisions\/14509"}],"wp:featuredmedia":[{"embeddable":true,"href":"https:\/\/centralmedia.rs\/index.php\/wp-json\/wp\/v2\/media\/14490"}],"wp:attachment":[{"href":"https:\/\/centralmedia.rs\/index.php\/wp-json\/wp\/v2\/media?parent=14489"}],"wp:term":[{"taxonomy":"category","embeddable":true,"href":"https:\/\/centralmedia.rs\/index.php\/wp-json\/wp\/v2\/categories?post=14489"},{"taxonomy":"post_tag","embeddable":true,"href":"https:\/\/centralmedia.rs\/index.php\/wp-json\/wp\/v2\/tags?post=14489"}],"curies":[{"name":"wp","href":"https:\/\/api.w.org\/{rel}","templated":true}]}}