{"id":14493,"date":"2018-10-17T20:56:04","date_gmt":"2018-10-17T20:56:04","guid":{"rendered":"http:\/\/centralmedia.rs\/?p=14493"},"modified":"2018-10-17T20:56:04","modified_gmt":"2018-10-17T20:56:04","slug":"dan-zdrave-hrane","status":"publish","type":"post","link":"https:\/\/centralmedia.rs\/index.php\/2018\/10\/17\/dan-zdrave-hrane\/","title":{"rendered":"DAN ZDRAVE HRANE"},"content":{"rendered":"<p>DESPOTOVAC- Dan zdrave hrane obele\u017een je u Tehni\u010dkoj \u0161koli u Despotovcu na izme\u0161tenoj lokaciji u Pred\u0161kolskoj ustanovi Rada Miljkovi\u0107 u Despotovcu.<\/p>\n<p>Peti put organizuje se Dan zdrave hrane &#8220;16. oktobar svetski dan zdrave hrane&#8221;. Na manifestaciji u\u010denici predvo\u0111eni profesorom kuvarstva Dejanom Novakovi\u0107em pripremili su preko 50 vrsta razli\u010ditih jela u etno stilu\u00a0na resavsko &#8211; vla\u0161ki na\u010din, a sve servirano u zemljanim i drvenim posudama, ukra\u0161eno\u00a0 \u010dergama i heklanim stolnjacima i ostalim starinskim unikatnim predmetima.<\/p>\n<p><img loading=\"lazy\" decoding=\"async\" class=\"alignnone wp-image-14495 size-full\" src=\"http:\/\/centralmedia.rs\/wp-content\/uploads\/2018\/10\/slika-za-tekst-br-2.jpg\" alt=\"\" width=\"720\" height=\"960\" srcset=\"https:\/\/centralmedia.rs\/wp-content\/uploads\/2018\/10\/slika-za-tekst-br-2.jpg 720w, https:\/\/centralmedia.rs\/wp-content\/uploads\/2018\/10\/slika-za-tekst-br-2-225x300.jpg 225w, https:\/\/centralmedia.rs\/wp-content\/uploads\/2018\/10\/slika-za-tekst-br-2-315x420.jpg 315w, https:\/\/centralmedia.rs\/wp-content\/uploads\/2018\/10\/slika-za-tekst-br-2-640x853.jpg 640w, https:\/\/centralmedia.rs\/wp-content\/uploads\/2018\/10\/slika-za-tekst-br-2-681x908.jpg 681w\" sizes=\"(max-width: 720px) 100vw, 720px\" \/><\/p>\n<p>U\u010denicima i profesoru kuvarstva udru\u017eenje Bela crkva iz Beljajke dodelilo je zaslu\u017eeni pehar za osvojeno prvo mesto na sedmom etnofestivalu\u00a0 koji je odr\u017ean jo\u0161 u maju, jer su tada u\u010denici prikazali najbolji etno sto,a komisija ih je nagradila osvajanjem prvog mesta.<\/p>\n","protected":false},"excerpt":{"rendered":"<p>DESPOTOVAC- Dan zdrave hrane obele\u017een je u Tehni\u010dkoj \u0161koli u Despotovcu na izme\u0161tenoj lokaciji u Pred\u0161kolskoj ustanovi Rada Miljkovi\u0107 u Despotovcu. Peti put organizuje se &hellip; <\/p>\n","protected":false},"author":2,"featured_media":14494,"comment_status":"open","ping_status":"open","sticky":false,"template":"","format":"standard","meta":{"footnotes":""},"categories":[1518,1524,2,23,30],"tags":[51,2414],"_links":{"self":[{"href":"https:\/\/centralmedia.rs\/index.php\/wp-json\/wp\/v2\/posts\/14493"}],"collection":[{"href":"https:\/\/centralmedia.rs\/index.php\/wp-json\/wp\/v2\/posts"}],"about":[{"href":"https:\/\/centralmedia.rs\/index.php\/wp-json\/wp\/v2\/types\/post"}],"author":[{"embeddable":true,"href":"https:\/\/centralmedia.rs\/index.php\/wp-json\/wp\/v2\/users\/2"}],"replies":[{"embeddable":true,"href":"https:\/\/centralmedia.rs\/index.php\/wp-json\/wp\/v2\/comments?post=14493"}],"version-history":[{"count":1,"href":"https:\/\/centralmedia.rs\/index.php\/wp-json\/wp\/v2\/posts\/14493\/revisions"}],"predecessor-version":[{"id":14496,"href":"https:\/\/centralmedia.rs\/index.php\/wp-json\/wp\/v2\/posts\/14493\/revisions\/14496"}],"wp:featuredmedia":[{"embeddable":true,"href":"https:\/\/centralmedia.rs\/index.php\/wp-json\/wp\/v2\/media\/14494"}],"wp:attachment":[{"href":"https:\/\/centralmedia.rs\/index.php\/wp-json\/wp\/v2\/media?parent=14493"}],"wp:term":[{"taxonomy":"category","embeddable":true,"href":"https:\/\/centralmedia.rs\/index.php\/wp-json\/wp\/v2\/categories?post=14493"},{"taxonomy":"post_tag","embeddable":true,"href":"https:\/\/centralmedia.rs\/index.php\/wp-json\/wp\/v2\/tags?post=14493"}],"curies":[{"name":"wp","href":"https:\/\/api.w.org\/{rel}","templated":true}]}}