{"id":14514,"date":"2018-10-19T15:21:37","date_gmt":"2018-10-19T15:21:37","guid":{"rendered":"http:\/\/centralmedia.rs\/?p=14514"},"modified":"2018-10-23T10:10:40","modified_gmt":"2018-10-23T10:10:40","slug":"demonstaracija-mobilnog-sistema-odbrane-od-poplava-u-paracinu-zajedno-protiv-poplava","status":"publish","type":"post","link":"https:\/\/centralmedia.rs\/index.php\/2018\/10\/19\/demonstaracija-mobilnog-sistema-odbrane-od-poplava-u-paracinu-zajedno-protiv-poplava\/","title":{"rendered":"DEMONSTRACIJA MOBILNOG SISTEMA ODBRANE OD POPLAVA U PARA\u0106INU &#8211; ,,ZAJEDNO PROTIV POPLAVA&#8221;"},"content":{"rendered":"<p>PARA\u0106IN- Danas su u Para\u0107inu uspe\u0161no odr\u017eana pokazna ve\u017eba ,,Zajedno protiv poplava&#8221;, odnosno pokazno postavljenje mobilne opreme za odbranu od poplava na reci Crnci u centru tog grada. Mobilni sistem za ve\u017ebu postavljen je za desetak minuta u du\u017eini od 100 metara, dok \u0107e taj sistem pokrivati ukupno 370 metara obale. Prema projektu, vrednom 3,9 miliona evra koji finansira EU,\u00a0 bi\u0107e izgra\u0111eno 4 kilometra za\u0161titnih betonskih zidova, te nabavljene mobilne pumpe ve\u0107eg kapaciteta. U katastrofalnim poplavama 2014. godine 15.000 Para\u0107inaca pretrpelo je \u0161tetu,\u00a0 3.000 objekata je poplavljeno, procenjena \u0161teta iznosi 2,5 milijarde dinara.<\/p>\n<div id='gallery-1' class='gallery galleryid-14514 gallery-columns-3 gallery-size-full'><figure class='gallery-item'>\n\t\t\t<div class='gallery-icon landscape'>\n\t\t\t\t<a href='https:\/\/centralmedia.rs\/index.php\/2018\/10\/19\/demonstaracija-mobilnog-sistema-odbrane-od-poplava-u-paracinu-zajedno-protiv-poplava\/odbrana-1\/'><img loading=\"lazy\" decoding=\"async\" width=\"900\" height=\"675\" src=\"https:\/\/centralmedia.rs\/wp-content\/uploads\/2018\/10\/odbrana-1.jpg\" class=\"attachment-full size-full\" alt=\"\" srcset=\"https:\/\/centralmedia.rs\/wp-content\/uploads\/2018\/10\/odbrana-1.jpg 900w, https:\/\/centralmedia.rs\/wp-content\/uploads\/2018\/10\/odbrana-1-300x225.jpg 300w, https:\/\/centralmedia.rs\/wp-content\/uploads\/2018\/10\/odbrana-1-768x576.jpg 768w, https:\/\/centralmedia.rs\/wp-content\/uploads\/2018\/10\/odbrana-1-560x420.jpg 560w, https:\/\/centralmedia.rs\/wp-content\/uploads\/2018\/10\/odbrana-1-80x60.jpg 80w, https:\/\/centralmedia.rs\/wp-content\/uploads\/2018\/10\/odbrana-1-100x75.jpg 100w, https:\/\/centralmedia.rs\/wp-content\/uploads\/2018\/10\/odbrana-1-180x135.jpg 180w, https:\/\/centralmedia.rs\/wp-content\/uploads\/2018\/10\/odbrana-1-238x178.jpg 238w, https:\/\/centralmedia.rs\/wp-content\/uploads\/2018\/10\/odbrana-1-640x480.jpg 640w, https:\/\/centralmedia.rs\/wp-content\/uploads\/2018\/10\/odbrana-1-681x511.jpg 681w\" sizes=\"(max-width: 900px) 100vw, 900px\" \/><\/a>\n\t\t\t<\/div><\/figure><figure class='gallery-item'>\n\t\t\t<div class='gallery-icon landscape'>\n\t\t\t\t<a href='https:\/\/centralmedia.rs\/index.php\/2018\/10\/19\/demonstaracija-mobilnog-sistema-odbrane-od-poplava-u-paracinu-zajedno-protiv-poplava\/odbrana-2\/'><img loading=\"lazy\" decoding=\"async\" width=\"900\" height=\"675\" src=\"https:\/\/centralmedia.rs\/wp-content\/uploads\/2018\/10\/odbrana-2.jpg\" class=\"attachment-full size-full\" alt=\"\" srcset=\"https:\/\/centralmedia.rs\/wp-content\/uploads\/2018\/10\/odbrana-2.jpg 900w, https:\/\/centralmedia.rs\/wp-content\/uploads\/2018\/10\/odbrana-2-300x225.jpg 300w, https:\/\/centralmedia.rs\/wp-content\/uploads\/2018\/10\/odbrana-2-768x576.jpg 768w, https:\/\/centralmedia.rs\/wp-content\/uploads\/2018\/10\/odbrana-2-560x420.jpg 560w, https:\/\/centralmedia.rs\/wp-content\/uploads\/2018\/10\/odbrana-2-80x60.jpg 80w, https:\/\/centralmedia.rs\/wp-content\/uploads\/2018\/10\/odbrana-2-100x75.jpg 100w, https:\/\/centralmedia.rs\/wp-content\/uploads\/2018\/10\/odbrana-2-180x135.jpg 180w, https:\/\/centralmedia.rs\/wp-content\/uploads\/2018\/10\/odbrana-2-238x178.jpg 238w, https:\/\/centralmedia.rs\/wp-content\/uploads\/2018\/10\/odbrana-2-640x480.jpg 640w, https:\/\/centralmedia.rs\/wp-content\/uploads\/2018\/10\/odbrana-2-681x511.jpg 681w\" sizes=\"(max-width: 900px) 100vw, 900px\" \/><\/a>\n\t\t\t<\/div><\/figure><figure class='gallery-item'>\n\t\t\t<div class='gallery-icon landscape'>\n\t\t\t\t<a href='https:\/\/centralmedia.rs\/index.php\/2018\/10\/19\/demonstaracija-mobilnog-sistema-odbrane-od-poplava-u-paracinu-zajedno-protiv-poplava\/cz\/'><img loading=\"lazy\" decoding=\"async\" width=\"900\" height=\"675\" src=\"https:\/\/centralmedia.rs\/wp-content\/uploads\/2018\/10\/cz.jpg\" class=\"attachment-full size-full\" alt=\"\" srcset=\"https:\/\/centralmedia.rs\/wp-content\/uploads\/2018\/10\/cz.jpg 900w, https:\/\/centralmedia.rs\/wp-content\/uploads\/2018\/10\/cz-300x225.jpg 300w, https:\/\/centralmedia.rs\/wp-content\/uploads\/2018\/10\/cz-768x576.jpg 768w, https:\/\/centralmedia.rs\/wp-content\/uploads\/2018\/10\/cz-560x420.jpg 560w, https:\/\/centralmedia.rs\/wp-content\/uploads\/2018\/10\/cz-80x60.jpg 80w, https:\/\/centralmedia.rs\/wp-content\/uploads\/2018\/10\/cz-100x75.jpg 100w, https:\/\/centralmedia.rs\/wp-content\/uploads\/2018\/10\/cz-180x135.jpg 180w, https:\/\/centralmedia.rs\/wp-content\/uploads\/2018\/10\/cz-238x178.jpg 238w, https:\/\/centralmedia.rs\/wp-content\/uploads\/2018\/10\/cz-640x480.jpg 640w, https:\/\/centralmedia.rs\/wp-content\/uploads\/2018\/10\/cz-681x511.jpg 681w\" sizes=\"(max-width: 900px) 100vw, 900px\" \/><\/a>\n\t\t\t<\/div><\/figure>\n\t\t<\/div>\n\n<p>&#8211; Zajedno protiv poplava je jo\u0161 jedan poduhvat gde EU podr\u017eava Srbiju i region, kako bi se efikasno suo\u010dili sa izazovima klimatskih promena i kako bi smanjili rizik od prirodnih katastrofa. Od 2014. godine EU je pomogla srpskom stanovni\u0161tvu i pokazala solidarnost ulaganjem 172 miliona evra. Ova sredstva su bila usmerena na hitnu pomo\u0107, oporavak i prevencije. Pored ure\u0111enja re\u010dnog toka i preventinih mera, pomogli smo farmerima da oporave proizvodnju, rekao je \u0161ef operacija u Delegaciji EU u Srbiji Sakelaris Hurdas.<\/p>\n<p>Direktor Kancelarije za javna ulaganja Marko Blagojevi\u0107 rekao je da je re\u010d o poplavama koje su pogodile 2\/3 op\u0161tina u Srbiji.<\/p>\n<p>&#8211; Veliki posao je ura\u0111en na obnovi u Srbiji, ali je to preraslo u razvojni projekat i ima za cilj da stvari u\u010dini boljima. Projekti vredni 100 miliona evra, koje donirala EU, realizuju se na vi\u0161e desetina lokacija. Para\u0107in je karateristi\u010dan zbog infrastrukure koja je kumovala prekomernim plavljenjem. Zato \u0107e sedam mostova preko Crnice biti ponovo izgra\u0111eno iz donacije \u0160vajcarske. Mi smo danas bezbedniji, i spremniji nego 2014. godine, ka\u017ee Blagojevi\u0107.<\/p>\n<p>Zamenik predsednika op\u0161tine Para\u0107in Tomislav \u0160aleti\u0107 je izjavio da je veliku pomo\u0107 donirala EU, koja se realizuje Austrijske razvojne agencija.<\/p>\n<p>&#8211; Kompletni radovi obuhvataju 10,8 kilometara Crnice, \u0161to je 21 kilometar obale, vi\u0161e vidova za\u0161tite obala, a posle kojih \u0107e Para\u0107in biti za\u0161ti\u0107en. Predvi\u0111eno je da radovi budu zavr\u0161eni slede\u0107e godine, isti\u010de \u0160aleti\u0107.<\/p>\n<p>Pokaznoj ve\u017ebi prisustvovao je dr\u017eavni sekretar Ministarstva poljoprivrede, \u0161umarstva i vodoprivrede Velimir Stanojevi\u0107 i \u00a0izvr\u0161ni direktor Srbijavoda Zvonimir Koci\u0107.<\/p>\n<p>&nbsp;<\/p>\n","protected":false},"excerpt":{"rendered":"<p>PARA\u0106IN- Danas su u Para\u0107inu uspe\u0161no odr\u017eana pokazna ve\u017eba ,,Zajedno protiv poplava&#8221;, odnosno pokazno postavljenje mobilne opreme za odbranu od poplava na reci Crnci u &hellip; <\/p>\n","protected":false},"author":2,"featured_media":14515,"comment_status":"open","ping_status":"open","sticky":false,"template":"","format":"standard","meta":{"footnotes":""},"categories":[14,1524,2,1516,12],"tags":[225,156,3225],"_links":{"self":[{"href":"https:\/\/centralmedia.rs\/index.php\/wp-json\/wp\/v2\/posts\/14514"}],"collection":[{"href":"https:\/\/centralmedia.rs\/index.php\/wp-json\/wp\/v2\/posts"}],"about":[{"href":"https:\/\/centralmedia.rs\/index.php\/wp-json\/wp\/v2\/types\/post"}],"author":[{"embeddable":true,"href":"https:\/\/centralmedia.rs\/index.php\/wp-json\/wp\/v2\/users\/2"}],"replies":[{"embeddable":true,"href":"https:\/\/centralmedia.rs\/index.php\/wp-json\/wp\/v2\/comments?post=14514"}],"version-history":[{"count":4,"href":"https:\/\/centralmedia.rs\/index.php\/wp-json\/wp\/v2\/posts\/14514\/revisions"}],"predecessor-version":[{"id":14522,"href":"https:\/\/centralmedia.rs\/index.php\/wp-json\/wp\/v2\/posts\/14514\/revisions\/14522"}],"wp:featuredmedia":[{"embeddable":true,"href":"https:\/\/centralmedia.rs\/index.php\/wp-json\/wp\/v2\/media\/14515"}],"wp:attachment":[{"href":"https:\/\/centralmedia.rs\/index.php\/wp-json\/wp\/v2\/media?parent=14514"}],"wp:term":[{"taxonomy":"category","embeddable":true,"href":"https:\/\/centralmedia.rs\/index.php\/wp-json\/wp\/v2\/categories?post=14514"},{"taxonomy":"post_tag","embeddable":true,"href":"https:\/\/centralmedia.rs\/index.php\/wp-json\/wp\/v2\/tags?post=14514"}],"curies":[{"name":"wp","href":"https:\/\/api.w.org\/{rel}","templated":true}]}}