{"id":14562,"date":"2018-10-22T21:35:37","date_gmt":"2018-10-22T21:35:37","guid":{"rendered":"http:\/\/centralmedia.rs\/?p=14562"},"modified":"2018-10-25T06:39:59","modified_gmt":"2018-10-25T06:39:59","slug":"obelezavanje-oslobodenja-jagodine-u-prvom-svetskom-ratu","status":"publish","type":"post","link":"https:\/\/centralmedia.rs\/index.php\/2018\/10\/22\/obelezavanje-oslobodenja-jagodine-u-prvom-svetskom-ratu\/","title":{"rendered":"OBELE\u017dAVANJE OSLOBO\u0110ENJA JAGODINE U PRVOM SVETSKOM RATU"},"content":{"rendered":"<p>JAGODINA- Povodom 25. oktobra dana oslobo\u0111enja Jagodine u Prvom svetskom ratu u \u010detvrtak u 19 \u010dasova u Galeriji Zavi\u010dajnog muzeja u Jagodini bi\u0107e otvorena izlo\u017eba &#8220;Jagodina u Prvom svetskom ratu&#8221;. Autor izlo\u017ebe je Du\u0161ko Grbovi\u0107, istori\u010dar Zavi\u010dajnog muzeja u Jagodini. Ova izlo\u017eba predstavlja deo aktivnosti Zavi\u010dajnog muzeja u okviru obele\u017eavanja stogodi\u0161njice proboja Solunskog fronta i oslobo\u0111enja Srbije u Prvom svetskom ratu. Planirano je da izlo\u017eba traje do po\u010detka decembra 2018. godine.<\/p>\n<p><img loading=\"lazy\" decoding=\"async\" class=\"alignnone wp-image-14564 size-full\" src=\"http:\/\/centralmedia.rs\/wp-content\/uploads\/2018\/10\/izlozba-1.jpg\" alt=\"\" width=\"656\" height=\"960\" srcset=\"https:\/\/centralmedia.rs\/wp-content\/uploads\/2018\/10\/izlozba-1.jpg 656w, https:\/\/centralmedia.rs\/wp-content\/uploads\/2018\/10\/izlozba-1-205x300.jpg 205w, https:\/\/centralmedia.rs\/wp-content\/uploads\/2018\/10\/izlozba-1-287x420.jpg 287w, https:\/\/centralmedia.rs\/wp-content\/uploads\/2018\/10\/izlozba-1-640x937.jpg 640w\" sizes=\"(max-width: 656px) 100vw, 656px\" \/><\/p>\n<p>U susret stogodi\u0161njici oslobo\u0111enja Jagodine u Prvom svetskom ratu, posle 10 godina Zavi\u010dajni muzej Jagodina u saradnji sa Zavodom za za\u0161titu spomenika kulture u Kragujevcu, izvr\u0161io je delimi\u010dnu obnovu Spomenika palim borcima u ratovima 1912-1918, na Skveru u Jagodini. Potpuno su o\u010di\u0161\u0107ene, konzervirane i za\u0161ti\u0107ene statua ratnika, kao i reljefne plo\u010de sa prikazima oslobodila\u010dkih ratova Srbije s kraja 19. i po\u010detka 20. veka.<\/p>\n","protected":false},"excerpt":{"rendered":"<p>JAGODINA- Povodom 25. oktobra dana oslobo\u0111enja Jagodine u Prvom svetskom ratu u \u010detvrtak u 19 \u010dasova u Galeriji Zavi\u010dajnog muzeja u Jagodini bi\u0107e otvorena izlo\u017eba &hellip; <\/p>\n","protected":false},"author":2,"featured_media":14563,"comment_status":"open","ping_status":"open","sticky":false,"template":"","format":"standard","meta":{"footnotes":""},"categories":[14,1524,2,1514,12],"tags":[58,2431],"_links":{"self":[{"href":"https:\/\/centralmedia.rs\/index.php\/wp-json\/wp\/v2\/posts\/14562"}],"collection":[{"href":"https:\/\/centralmedia.rs\/index.php\/wp-json\/wp\/v2\/posts"}],"about":[{"href":"https:\/\/centralmedia.rs\/index.php\/wp-json\/wp\/v2\/types\/post"}],"author":[{"embeddable":true,"href":"https:\/\/centralmedia.rs\/index.php\/wp-json\/wp\/v2\/users\/2"}],"replies":[{"embeddable":true,"href":"https:\/\/centralmedia.rs\/index.php\/wp-json\/wp\/v2\/comments?post=14562"}],"version-history":[{"count":1,"href":"https:\/\/centralmedia.rs\/index.php\/wp-json\/wp\/v2\/posts\/14562\/revisions"}],"predecessor-version":[{"id":14565,"href":"https:\/\/centralmedia.rs\/index.php\/wp-json\/wp\/v2\/posts\/14562\/revisions\/14565"}],"wp:featuredmedia":[{"embeddable":true,"href":"https:\/\/centralmedia.rs\/index.php\/wp-json\/wp\/v2\/media\/14563"}],"wp:attachment":[{"href":"https:\/\/centralmedia.rs\/index.php\/wp-json\/wp\/v2\/media?parent=14562"}],"wp:term":[{"taxonomy":"category","embeddable":true,"href":"https:\/\/centralmedia.rs\/index.php\/wp-json\/wp\/v2\/categories?post=14562"},{"taxonomy":"post_tag","embeddable":true,"href":"https:\/\/centralmedia.rs\/index.php\/wp-json\/wp\/v2\/tags?post=14562"}],"curies":[{"name":"wp","href":"https:\/\/api.w.org\/{rel}","templated":true}]}}