{"id":1457,"date":"2015-12-08T00:28:32","date_gmt":"2015-12-08T00:28:32","guid":{"rendered":"http:\/\/centralmedia.rs\/?p=1457"},"modified":"2015-12-08T00:28:32","modified_gmt":"2015-12-08T00:28:32","slug":"policija-traga-za-trojicom-kriminalaca","status":"publish","type":"post","link":"https:\/\/centralmedia.rs\/index.php\/2015\/12\/08\/policija-traga-za-trojicom-kriminalaca\/","title":{"rendered":"POLICIJA TRAGA ZA TROJICOM KRIMINALACA"},"content":{"rendered":"<p>ZAPALJEN AUTOMOBIL ZAMENIKA TU\u017dIOCA<br \/>\nJAGODINA-Kako nezvani\u010dnio saznajemo, policija intezivno traga za trojicom maskiranih kriminalaca za koje se sumnja da su podmetnuli po\u017ear u automobil marke Seat u vlasni\u0161tvu supru\u017enika D.P. i S.P. iz Jagodine, koji obavljaju poslove zamenika tu\u017eioca i medicinsko-sudskog ve\u0161taka. Po\u017ear je podmetnut u ranim juranjim satima u ponedeljak na parkingu u ulici Svetozara Markovi\u0107a. Supru\u017enici nisu hteli da pri\u010daju<br \/>\n\t-Sve je jasno ko dan. Automobil je namerno zapaljen. Na snimku kamere sa druge zgrade vide se trojica u kapulja\u010dama kako prilaze automobilu, razbijaju staklo, ubacuju ne\u0161to i zatim pale. Do njihovog je bio identi\u010dni automobile, iste marke i boje, ali su kriminalci dobro znali svoj posao i odabrali bez ikakvih nedoumica ba\u0161 taj. Ina\u010de, auto nije vo\u017een nekoliko dana, ve\u0107 su supru\u017enici koristili drugi, pri\u010daju njihove kom\u0161ije.<br \/>\n<a href=\"https:\/\/centralmedia.rs\/wp-content\/uploads\/2015\/12\/seat.jpg\"><img loading=\"lazy\" decoding=\"async\" src=\"https:\/\/centralmedia.rs\/wp-content\/uploads\/2015\/12\/seat-234x300.jpg\" alt=\"seat\" width=\"234\" height=\"300\" class=\"alignnone size-medium wp-image-1459\" srcset=\"https:\/\/centralmedia.rs\/wp-content\/uploads\/2015\/12\/seat-234x300.jpg 234w, https:\/\/centralmedia.rs\/wp-content\/uploads\/2015\/12\/seat.jpg 696w\" sizes=\"(max-width: 234px) 100vw, 234px\" \/><\/a><br \/>\nBrzom intervencijom  spre\u010deno je \u0161irenje po\u017eara na obli\u017enja vozila, te je stradala samo unutra\u0161njost automobila. \u0160teta je velika.<br \/>\n\t-Supru\u017enici su u \u0161oku. Ne mogu da poveruju \u0161ta im se doga\u0111a. Oni su ipak na osetljivim dr\u017eavnim funkcijama i ka\u017eu da ne postoji razlog bilo kog lica za ovako razbojni\u010dko postupanje prema njima. Premotavali su doga\u0111aje unazad, kako bi poku\u0161ali da se prisete nekog eventualnog motiva, ali isti\u010du da nije bilo pritu\u017ebi stranaka na njihov rad, obja\u0161njavaju kolege supru\u017enika.<br \/>\n Policija nije saop\u0161tila rezultate uvi\u0111aja, jer se analizira da li je po\u017ear nastao zbog problema na automobilu ili je podmenut.  <\/p>\n","protected":false},"excerpt":{"rendered":"<p>ZAPALJEN AUTOMOBIL ZAMENIKA TU\u017dIOCA JAGODINA-Kako nezvani\u010dnio saznajemo, policija intezivno traga za trojicom maskiranih kriminalaca za koje se sumnja da su podmetnuli po\u017ear u automobil marke &hellip; <\/p>\n","protected":false},"author":4,"featured_media":1458,"comment_status":"open","ping_status":"open","sticky":false,"template":"","format":"standard","meta":{"footnotes":""},"categories":[20,2,12],"tags":[324,323,326,325],"_links":{"self":[{"href":"https:\/\/centralmedia.rs\/index.php\/wp-json\/wp\/v2\/posts\/1457"}],"collection":[{"href":"https:\/\/centralmedia.rs\/index.php\/wp-json\/wp\/v2\/posts"}],"about":[{"href":"https:\/\/centralmedia.rs\/index.php\/wp-json\/wp\/v2\/types\/post"}],"author":[{"embeddable":true,"href":"https:\/\/centralmedia.rs\/index.php\/wp-json\/wp\/v2\/users\/4"}],"replies":[{"embeddable":true,"href":"https:\/\/centralmedia.rs\/index.php\/wp-json\/wp\/v2\/comments?post=1457"}],"version-history":[{"count":0,"href":"https:\/\/centralmedia.rs\/index.php\/wp-json\/wp\/v2\/posts\/1457\/revisions"}],"wp:featuredmedia":[{"embeddable":true,"href":"https:\/\/centralmedia.rs\/index.php\/wp-json\/wp\/v2\/media\/1458"}],"wp:attachment":[{"href":"https:\/\/centralmedia.rs\/index.php\/wp-json\/wp\/v2\/media?parent=1457"}],"wp:term":[{"taxonomy":"category","embeddable":true,"href":"https:\/\/centralmedia.rs\/index.php\/wp-json\/wp\/v2\/categories?post=1457"},{"taxonomy":"post_tag","embeddable":true,"href":"https:\/\/centralmedia.rs\/index.php\/wp-json\/wp\/v2\/tags?post=1457"}],"curies":[{"name":"wp","href":"https:\/\/api.w.org\/{rel}","templated":true}]}}