{"id":14570,"date":"2018-10-23T09:32:30","date_gmt":"2018-10-23T09:32:30","guid":{"rendered":"http:\/\/centralmedia.rs\/?p=14570"},"modified":"2018-10-30T12:56:45","modified_gmt":"2018-10-30T12:56:45","slug":"opstina-svilajnac-obelezava-stogodisnjicu-oslobodenja-u-velikom-ratu","status":"publish","type":"post","link":"https:\/\/centralmedia.rs\/index.php\/2018\/10\/23\/opstina-svilajnac-obelezava-stogodisnjicu-oslobodenja-u-velikom-ratu\/","title":{"rendered":"OP\u0160TINA SVILAJNAC OBELE\u017dAVA STOGODI\u0160NJICU OSLOBO\u0110ENJA U VELIKOM RATU"},"content":{"rendered":"<p>SVILAJNAC- U petak u Centru za kulturu Svilajnac bi\u0107e organizovana \u00a0sve\u010danost povodom stogodi\u0161njice oslobo\u0111enja Svilajnca u Prvom svetskom ratu. Program sve\u010danosti po\u010dinje u 18.30 \u010dasova otvaranjem izlo\u017ebe \u201eSvilajnac u Velikom ratu\u201c, posle \u010dega sledi sve\u010dana akademija od 19.00.<\/p>\n","protected":false},"excerpt":{"rendered":"<p>SVILAJNAC- U petak u Centru za kulturu Svilajnac bi\u0107e organizovana \u00a0sve\u010danost povodom stogodi\u0161njice oslobo\u0111enja Svilajnca u Prvom svetskom ratu. Program sve\u010danosti po\u010dinje u 18.30 \u010dasova &hellip; <\/p>\n","protected":false},"author":2,"featured_media":14571,"comment_status":"open","ping_status":"open","sticky":false,"template":"","format":"standard","meta":{"footnotes":""},"categories":[14,1524,2,12,1517],"tags":[2431,3233,3232],"_links":{"self":[{"href":"https:\/\/centralmedia.rs\/index.php\/wp-json\/wp\/v2\/posts\/14570"}],"collection":[{"href":"https:\/\/centralmedia.rs\/index.php\/wp-json\/wp\/v2\/posts"}],"about":[{"href":"https:\/\/centralmedia.rs\/index.php\/wp-json\/wp\/v2\/types\/post"}],"author":[{"embeddable":true,"href":"https:\/\/centralmedia.rs\/index.php\/wp-json\/wp\/v2\/users\/2"}],"replies":[{"embeddable":true,"href":"https:\/\/centralmedia.rs\/index.php\/wp-json\/wp\/v2\/comments?post=14570"}],"version-history":[{"count":1,"href":"https:\/\/centralmedia.rs\/index.php\/wp-json\/wp\/v2\/posts\/14570\/revisions"}],"predecessor-version":[{"id":14572,"href":"https:\/\/centralmedia.rs\/index.php\/wp-json\/wp\/v2\/posts\/14570\/revisions\/14572"}],"wp:featuredmedia":[{"embeddable":true,"href":"https:\/\/centralmedia.rs\/index.php\/wp-json\/wp\/v2\/media\/14571"}],"wp:attachment":[{"href":"https:\/\/centralmedia.rs\/index.php\/wp-json\/wp\/v2\/media?parent=14570"}],"wp:term":[{"taxonomy":"category","embeddable":true,"href":"https:\/\/centralmedia.rs\/index.php\/wp-json\/wp\/v2\/categories?post=14570"},{"taxonomy":"post_tag","embeddable":true,"href":"https:\/\/centralmedia.rs\/index.php\/wp-json\/wp\/v2\/tags?post=14570"}],"curies":[{"name":"wp","href":"https:\/\/api.w.org\/{rel}","templated":true}]}}