{"id":14602,"date":"2018-10-24T12:52:43","date_gmt":"2018-10-24T12:52:43","guid":{"rendered":"http:\/\/centralmedia.rs\/?p=14602"},"modified":"2018-10-29T13:45:20","modified_gmt":"2018-10-29T13:45:20","slug":"jednokratna-pomoc-za-zimu","status":"publish","type":"post","link":"https:\/\/centralmedia.rs\/index.php\/2018\/10\/24\/jednokratna-pomoc-za-zimu\/","title":{"rendered":"JEDNOKRATNA POMO\u0106 ZA ZIMU"},"content":{"rendered":"<p>SVILAJNAC- Danas je po\u010dela podela jednokratne pomo\u0107i od 5.000 dinara za nabavku ogreva za zimu, za oko 360 korisnika socijalne pomo\u0107i, koju je obezbedila op\u0161tina Svilajnac u saradnji sa Centrom za socijalni rad, a koja \u0107e se nastaviti i narednih dana.<br \/>\nZamenik predsednika op\u0161tine Svilajnac Dragana Radevi\u0107 ka\u017ee da op\u0161tina Svilajnac godinama izdvaja sredstva za razne programe iz oblasti socijalne za\u0161tite.<br \/>\n-Osim ove pomo\u0107i za nabavku ogreva, pomogli smo roditeljima da nabave i \u0161kolski pribor, obezbe\u0111uje se i besplatni prevoz za u\u010denike i osnovnih i srednjih \u0161kola iz socijalno ugro\u017eenih porodica, pri kraju je projekat koji \u0107e da re\u0161i stambeno pitanje za 12 Romskih porodica u saradnji sa organizacijom Help, zatim preko Komesarijata za izbegla i raseljena lica se realizuju programi koji pru\u017eaju pomo\u0107 izbeglim i raseljenim licima sa prebivali\u0161tem na teritoriji op\u0161tine Svilajnac, kao \u0161to je otkup seoskih doma\u0107instava, izgradnja stambenih jedinica, paketi gra\u0111evinskom materijala i sli\u010dno&#8230; Odgovorna socijalna politika mora u prvi plan da stavi potrebe ljudi koji su u stanju socijalne potrebe i da aktivno radi na stvaranju boljih uslova za \u017eivot za sve gra\u0111ane, kazala je Dragana Radevi\u0107.<\/p>\n<p><img loading=\"lazy\" decoding=\"async\" class=\"alignnone wp-image-14604 size-large\" src=\"http:\/\/centralmedia.rs\/wp-content\/uploads\/2018\/10\/D-1024x683.jpg\" alt=\"\" width=\"640\" height=\"427\" srcset=\"https:\/\/centralmedia.rs\/wp-content\/uploads\/2018\/10\/D-1024x683.jpg 1024w, https:\/\/centralmedia.rs\/wp-content\/uploads\/2018\/10\/D-300x200.jpg 300w, https:\/\/centralmedia.rs\/wp-content\/uploads\/2018\/10\/D-768x512.jpg 768w, https:\/\/centralmedia.rs\/wp-content\/uploads\/2018\/10\/D-630x420.jpg 630w, https:\/\/centralmedia.rs\/wp-content\/uploads\/2018\/10\/D-640x427.jpg 640w, https:\/\/centralmedia.rs\/wp-content\/uploads\/2018\/10\/D-681x454.jpg 681w, https:\/\/centralmedia.rs\/wp-content\/uploads\/2018\/10\/D.jpg 2048w\" sizes=\"(max-width: 640px) 100vw, 640px\" \/><\/p>\n","protected":false},"excerpt":{"rendered":"<p>SVILAJNAC- Danas je po\u010dela podela jednokratne pomo\u0107i od 5.000 dinara za nabavku ogreva za zimu, za oko 360 korisnika socijalne pomo\u0107i, koju je obezbedila op\u0161tina &hellip; <\/p>\n","protected":false},"author":2,"featured_media":14603,"comment_status":"open","ping_status":"open","sticky":false,"template":"","format":"standard","meta":{"footnotes":""},"categories":[14,1524,2,887,12,1517],"tags":[172,38,1464],"_links":{"self":[{"href":"https:\/\/centralmedia.rs\/index.php\/wp-json\/wp\/v2\/posts\/14602"}],"collection":[{"href":"https:\/\/centralmedia.rs\/index.php\/wp-json\/wp\/v2\/posts"}],"about":[{"href":"https:\/\/centralmedia.rs\/index.php\/wp-json\/wp\/v2\/types\/post"}],"author":[{"embeddable":true,"href":"https:\/\/centralmedia.rs\/index.php\/wp-json\/wp\/v2\/users\/2"}],"replies":[{"embeddable":true,"href":"https:\/\/centralmedia.rs\/index.php\/wp-json\/wp\/v2\/comments?post=14602"}],"version-history":[{"count":1,"href":"https:\/\/centralmedia.rs\/index.php\/wp-json\/wp\/v2\/posts\/14602\/revisions"}],"predecessor-version":[{"id":14605,"href":"https:\/\/centralmedia.rs\/index.php\/wp-json\/wp\/v2\/posts\/14602\/revisions\/14605"}],"wp:featuredmedia":[{"embeddable":true,"href":"https:\/\/centralmedia.rs\/index.php\/wp-json\/wp\/v2\/media\/14603"}],"wp:attachment":[{"href":"https:\/\/centralmedia.rs\/index.php\/wp-json\/wp\/v2\/media?parent=14602"}],"wp:term":[{"taxonomy":"category","embeddable":true,"href":"https:\/\/centralmedia.rs\/index.php\/wp-json\/wp\/v2\/categories?post=14602"},{"taxonomy":"post_tag","embeddable":true,"href":"https:\/\/centralmedia.rs\/index.php\/wp-json\/wp\/v2\/tags?post=14602"}],"curies":[{"name":"wp","href":"https:\/\/api.w.org\/{rel}","templated":true}]}}