{"id":14617,"date":"2018-10-25T13:17:12","date_gmt":"2018-10-25T13:17:12","guid":{"rendered":"http:\/\/centralmedia.rs\/?p=14617"},"modified":"2018-10-29T13:46:08","modified_gmt":"2018-10-29T13:46:08","slug":"posle-70-godina-otvorena-spomen-kosturnica-u-krusaru","status":"publish","type":"post","link":"https:\/\/centralmedia.rs\/index.php\/2018\/10\/25\/posle-70-godina-otvorena-spomen-kosturnica-u-krusaru\/","title":{"rendered":"POSLE 70 GODINA POLO\u017dENI VENCI U SPOMEN KOSTURNICI U KRU\u0160ARU"},"content":{"rendered":"<p>\u0106UPRIJA &#8211; Parastosom i polaganjem venaca na Spomenik poginulima u oslobodila\u010dkim ratovima Srbije 1912-1918. godine u centru grada i, posle sedam decenija zaborava, u Spomen kostrunicu u crkvi u Kru\u0161aru \u0106uprija je danas obele\u017eila Dan oslobo\u0111enja u Prvom svetskom ratu. U Kru\u0161aru su prvi put polo\u017eeni venci u \u00a0Spomen kosturnica Srpskih vojnika, koja je posle ure\u0111enja otvorena za javnost.<\/p>\n<div id='gallery-1' class='gallery galleryid-14617 gallery-columns-3 gallery-size-full'><figure class='gallery-item'>\n\t\t\t<div class='gallery-icon landscape'>\n\t\t\t\t<a href='https:\/\/centralmedia.rs\/index.php\/2018\/10\/25\/posle-70-godina-otvorena-spomen-kosturnica-u-krusaru\/2-13\/'><img loading=\"lazy\" decoding=\"async\" width=\"1280\" height=\"622\" src=\"https:\/\/centralmedia.rs\/wp-content\/uploads\/2018\/10\/2-5.jpg\" class=\"attachment-full size-full\" alt=\"\" srcset=\"https:\/\/centralmedia.rs\/wp-content\/uploads\/2018\/10\/2-5.jpg 1280w, https:\/\/centralmedia.rs\/wp-content\/uploads\/2018\/10\/2-5-300x146.jpg 300w, https:\/\/centralmedia.rs\/wp-content\/uploads\/2018\/10\/2-5-768x373.jpg 768w, https:\/\/centralmedia.rs\/wp-content\/uploads\/2018\/10\/2-5-1024x498.jpg 1024w, https:\/\/centralmedia.rs\/wp-content\/uploads\/2018\/10\/2-5-864x420.jpg 864w, https:\/\/centralmedia.rs\/wp-content\/uploads\/2018\/10\/2-5-640x311.jpg 640w, https:\/\/centralmedia.rs\/wp-content\/uploads\/2018\/10\/2-5-681x331.jpg 681w\" sizes=\"(max-width: 1280px) 100vw, 1280px\" \/><\/a>\n\t\t\t<\/div><\/figure><figure class='gallery-item'>\n\t\t\t<div class='gallery-icon landscape'>\n\t\t\t\t<a href='https:\/\/centralmedia.rs\/index.php\/2018\/10\/25\/posle-70-godina-otvorena-spomen-kosturnica-u-krusaru\/3-14\/'><img loading=\"lazy\" decoding=\"async\" width=\"1280\" height=\"622\" src=\"https:\/\/centralmedia.rs\/wp-content\/uploads\/2018\/10\/3-5.jpg\" class=\"attachment-full size-full\" alt=\"\" srcset=\"https:\/\/centralmedia.rs\/wp-content\/uploads\/2018\/10\/3-5.jpg 1280w, https:\/\/centralmedia.rs\/wp-content\/uploads\/2018\/10\/3-5-300x146.jpg 300w, https:\/\/centralmedia.rs\/wp-content\/uploads\/2018\/10\/3-5-768x373.jpg 768w, https:\/\/centralmedia.rs\/wp-content\/uploads\/2018\/10\/3-5-1024x498.jpg 1024w, https:\/\/centralmedia.rs\/wp-content\/uploads\/2018\/10\/3-5-864x420.jpg 864w, https:\/\/centralmedia.rs\/wp-content\/uploads\/2018\/10\/3-5-640x311.jpg 640w, https:\/\/centralmedia.rs\/wp-content\/uploads\/2018\/10\/3-5-681x331.jpg 681w\" sizes=\"(max-width: 1280px) 100vw, 1280px\" \/><\/a>\n\t\t\t<\/div><\/figure><figure class='gallery-item'>\n\t\t\t<div class='gallery-icon landscape'>\n\t\t\t\t<a href='https:\/\/centralmedia.rs\/index.php\/2018\/10\/25\/posle-70-godina-otvorena-spomen-kosturnica-u-krusaru\/4-10\/'><img loading=\"lazy\" decoding=\"async\" width=\"1280\" height=\"622\" src=\"https:\/\/centralmedia.rs\/wp-content\/uploads\/2018\/10\/4-2.jpg\" class=\"attachment-full size-full\" alt=\"\" srcset=\"https:\/\/centralmedia.rs\/wp-content\/uploads\/2018\/10\/4-2.jpg 1280w, https:\/\/centralmedia.rs\/wp-content\/uploads\/2018\/10\/4-2-300x146.jpg 300w, https:\/\/centralmedia.rs\/wp-content\/uploads\/2018\/10\/4-2-768x373.jpg 768w, https:\/\/centralmedia.rs\/wp-content\/uploads\/2018\/10\/4-2-1024x498.jpg 1024w, https:\/\/centralmedia.rs\/wp-content\/uploads\/2018\/10\/4-2-864x420.jpg 864w, https:\/\/centralmedia.rs\/wp-content\/uploads\/2018\/10\/4-2-640x311.jpg 640w, https:\/\/centralmedia.rs\/wp-content\/uploads\/2018\/10\/4-2-681x331.jpg 681w\" sizes=\"(max-width: 1280px) 100vw, 1280px\" \/><\/a>\n\t\t\t<\/div><\/figure>\n\t\t<\/div>\n\n<p>&#8211; \u010cast mi je \u0161to sam u Kru\u0161aru na stogodi\u0161njici oslobo\u0111enja \u0106uprije u Prvom svetskom ratu. Ovo je jedna od pet crkava u Srbiji koja je sagra\u0111ena na spomen kosturnici u kojoj po\u010divaju Srpski vojnici. Oni su svoje \u017eivote \u00a0polo\u017eili brane\u0107i svoju zemlju,narod, kulturu i ognji\u0161ta. Pali su \u010duvaju\u0107i odstupnicu svom narodu u povla\u010denju ka Albaniji i prilikom borbi za osloba\u0111anje Srbije. Ne znamo im imena, ne znamo odakle su, ali oni od po\u010detka po\u010divaju zajedno, kao bra\u0107a. Sto godina od njihove pogibije i 80 godina od osve\u0107enja znamenitog mesta, posle 70 godina zaborava oni danas po\u010divaju dostojno u miru, zahvaljuju\u010di njihovim ponosim potomcima, rekao je zamenik predsednika op\u0161tine Ilija Paunovi\u0107 ispred Spomen kosturnice u Kru\u0161aru.<\/p>\n<p>U zajedni\u010dkoj grobnici u crkvi Svetog proroka Ilije u Kru\u0161aru po\u010divaju \u010detvorica mladih vojnika i oficir Srpske vojske.<\/p>\n<p>&#8211; Mnoge bitke Srpske vojske i danas se prou\u010davaju na Vojnim akademijama u svetu. Strategija vo\u0111enja rata golorukog naroda, protiv velike carevine Austrougarske. Mi se na ovaj na\u010din odu\u017eujemo se\u0107anjem na pale, koji su polo\u017eili \u017eivote da bi mi danas \u017eiveli. Da je druga\u010dije zatro bi nam se trag, rekao je stare\u0161ina crkve Svetog \u0110or\u0111a Milija \u0110uri\u010di\u0107 u centru \u0106uprije<\/p>\n<p>Parastosima, polaganjem venaca i cve\u0107a, danas je obele\u017een i Dan oslobo\u0111enja Para\u0107ina i Jagodine.<\/p>\n<p>&nbsp;<\/p>\n<p>&nbsp;<\/p>\n","protected":false},"excerpt":{"rendered":"<p>\u0106UPRIJA &#8211; Parastosom i polaganjem venaca na Spomenik poginulima u oslobodila\u010dkim ratovima Srbije 1912-1918. godine u centru grada i, posle sedam decenija zaborava, u Spomen &hellip; <\/p>\n","protected":false},"author":2,"featured_media":14618,"comment_status":"open","ping_status":"open","sticky":false,"template":"","format":"standard","meta":{"footnotes":""},"categories":[1515,14,1524,2,887,12],"tags":[44,1670,3240],"_links":{"self":[{"href":"https:\/\/centralmedia.rs\/index.php\/wp-json\/wp\/v2\/posts\/14617"}],"collection":[{"href":"https:\/\/centralmedia.rs\/index.php\/wp-json\/wp\/v2\/posts"}],"about":[{"href":"https:\/\/centralmedia.rs\/index.php\/wp-json\/wp\/v2\/types\/post"}],"author":[{"embeddable":true,"href":"https:\/\/centralmedia.rs\/index.php\/wp-json\/wp\/v2\/users\/2"}],"replies":[{"embeddable":true,"href":"https:\/\/centralmedia.rs\/index.php\/wp-json\/wp\/v2\/comments?post=14617"}],"version-history":[{"count":4,"href":"https:\/\/centralmedia.rs\/index.php\/wp-json\/wp\/v2\/posts\/14617\/revisions"}],"predecessor-version":[{"id":14625,"href":"https:\/\/centralmedia.rs\/index.php\/wp-json\/wp\/v2\/posts\/14617\/revisions\/14625"}],"wp:featuredmedia":[{"embeddable":true,"href":"https:\/\/centralmedia.rs\/index.php\/wp-json\/wp\/v2\/media\/14618"}],"wp:attachment":[{"href":"https:\/\/centralmedia.rs\/index.php\/wp-json\/wp\/v2\/media?parent=14617"}],"wp:term":[{"taxonomy":"category","embeddable":true,"href":"https:\/\/centralmedia.rs\/index.php\/wp-json\/wp\/v2\/categories?post=14617"},{"taxonomy":"post_tag","embeddable":true,"href":"https:\/\/centralmedia.rs\/index.php\/wp-json\/wp\/v2\/tags?post=14617"}],"curies":[{"name":"wp","href":"https:\/\/api.w.org\/{rel}","templated":true}]}}