{"id":14626,"date":"2018-10-25T14:29:14","date_gmt":"2018-10-25T14:29:14","guid":{"rendered":"http:\/\/centralmedia.rs\/?p=14626"},"modified":"2018-10-29T13:46:23","modified_gmt":"2018-10-29T13:46:23","slug":"stamatovic-smeniti-zoranu-mihajlovic-zbog-nanosenja-stete-drzavi-srbiji","status":"publish","type":"post","link":"https:\/\/centralmedia.rs\/index.php\/2018\/10\/25\/stamatovic-smeniti-zoranu-mihajlovic-zbog-nanosenja-stete-drzavi-srbiji\/","title":{"rendered":"STAMATOVI\u0106: Smeniti Zoranu Mihajlovi\u0107 zbog nano\u0161enja \u0161tete dr\u017eavi Srbiji"},"content":{"rendered":"<p>\u010cAJETINA- Zbog brutalnih pritisaka na Tu\u017eila\u0161tvo za organizovani kriminal i srpske pravosudne organe, zbog beskrupuloznih neistina izre\u010denih na ra\u010dun rukovodstva op\u0161tine \u010cajetina i pozivom pravosu\u0111u da me smesti u zatvor, zbog la\u017ei da je oprema za zlatiborsku gondolu nabavljena od francuske kompanije &#8220;Pomagalski&#8221; koja je, navodno, bankrotirala, \u010dime je nanela ozbiljnu \u0161tetu ne samo toj firmi, nego i dr\u017eavi Srbiji, o \u010demu je obave\u0161tena i Ambasada Republike Francuske u Beogradu, a naro\u010dito zbog poku\u0161aja da, u korist N.N. lica otu\u0111i 2.213 hektara najskuplje zemlje na Zlatiboru, zahtevamo najhitniju smenu potpredsednice Vlade Srbije i ministarke gra\u0111evinarstva, saobra\u0107aja i infrastukture Zorane Mihajlovi\u0107 &#8211; zatra\u017eio je predsednik Op\u0161tine \u010cajetina Milan Stamatovi\u0107, najavljuju\u0107i i krivi\u010dne prijave protiv potpredsednice Vlade.<\/p>\n<p><img loading=\"lazy\" decoding=\"async\" class=\"alignnone wp-image-14628 size-full\" src=\"http:\/\/centralmedia.rs\/wp-content\/uploads\/2018\/10\/g.jpg\" alt=\"\" width=\"550\" height=\"366\" srcset=\"https:\/\/centralmedia.rs\/wp-content\/uploads\/2018\/10\/g.jpg 550w, https:\/\/centralmedia.rs\/wp-content\/uploads\/2018\/10\/g-300x200.jpg 300w\" sizes=\"(max-width: 550px) 100vw, 550px\" \/><\/p>\n<p>&#8211; Kompanija &#8220;Pomagalski&#8221; je ve\u0107 dostavila odgovaraju\u0107a finansijska i pravna dokumenta,\u00a0<a href=\"https:\/\/www.goldgondola.rs\/wp-content\/uploads\/2018\/10\/Bank-letter-SG.pdf\">sa dokazima o solventnosti<\/a>,\u00a0<a href=\"https:\/\/www.goldgondola.rs\/wp-content\/uploads\/2018\/10\/registration-certif-CCI-2017-1.pdf\">finansijskom izve\u0161taju za prethodnu godinu<\/a>, sa dokazima iz\u00a0<a href=\"https:\/\/www.goldgondola.rs\/wp-content\/uploads\/2018\/10\/kbis-24-08-18.pdf\">Trgovinskog suda u Grenoblu<\/a>\u00a0i\u00a0<a href=\"https:\/\/www.goldgondola.rs\/wp-content\/uploads\/2018\/10\/registration-certif-CCI-2018.pdf\">francuske Privredne komore<\/a>,\u00a0<a href=\"https:\/\/www.goldgondola.rs\/wp-content\/uploads\/2018\/10\/bank-reference-letter-bnp.pdf\">izvode sa svojih bankarskih ra\u010duna<\/a>. Sve neistine \u0161to su o rukovodstvu \u010cajetine, proteklih dana, izgovorili Zorana Mihajlovi\u0107, kao i poslanici vladaju\u0107e koalicije Aleksandar Martinovi\u0107, Krsto Janju\u0161evi\u0107, Vladimir Orli\u0107, Marjan Risti\u010devi\u0107, tako\u0111e \u0107emo, kao jo\u0161 jedan dokaz terora koji re\u017eim sprovodi protiv lokalnih sredina u kojima naprednjaci nisu na vlasti, prilo\u017eiti za raspravu u Kongresu lokalnih vlasti Saveta Evrope, zakazanu za 6. novembar &#8211; najavio je Milan Stamatovi\u0107, kritikuju\u0107i servilnost i podani\u0161tvo ve\u0107ine medija u Srbiji koji, bez provere, prenose najogavnije uvrede koje Vu\u010di\u0107evi glasnogovornici izgovaraju o njemu li\u010dno.<\/p>\n<p>Stamatovi\u0107 je, jo\u0161 jednom, upitao Zoranu Mihajlovi\u0107 i naprednja\u010dkog poverenika za Zlatiborski okrug Krsta Janju\u0161evi\u0107a, za\u0161to ih je toliko uhvatila panika od \u010dinjenice da \u0107e se uskoro fini\u0161irati sudski epilog operacije &#8220;otimanja 2.213 hektara dr\u017eavnog zemlji\u0161ta&#8221;? Da li je to njihov strah samo zato \u0161to su uhva\u0107eni sa &#8220;prstima u medu&#8221; ili \u0107e isplivati na videlo i ne\u0161to drugo da je sve ra\u0111eno za ne\u010diji &#8220;vi\u0161i interes&#8221; &#8211; da nije re\u010d o nekom novom &#8220;biznisu s migrantima&#8221; &#8211; pita Stamatovi\u0107.<\/p>\n","protected":false},"excerpt":{"rendered":"<p>\u010cAJETINA- Zbog brutalnih pritisaka na Tu\u017eila\u0161tvo za organizovani kriminal i srpske pravosudne organe, zbog beskrupuloznih neistina izre\u010denih na ra\u010dun rukovodstva op\u0161tine \u010cajetina i pozivom pravosu\u0111u &hellip; <\/p>\n","protected":false},"author":2,"featured_media":14627,"comment_status":"open","ping_status":"open","sticky":false,"template":"","format":"standard","meta":{"footnotes":""},"categories":[2875,1524,2,13,887,12],"tags":[2762,1967,3241],"_links":{"self":[{"href":"https:\/\/centralmedia.rs\/index.php\/wp-json\/wp\/v2\/posts\/14626"}],"collection":[{"href":"https:\/\/centralmedia.rs\/index.php\/wp-json\/wp\/v2\/posts"}],"about":[{"href":"https:\/\/centralmedia.rs\/index.php\/wp-json\/wp\/v2\/types\/post"}],"author":[{"embeddable":true,"href":"https:\/\/centralmedia.rs\/index.php\/wp-json\/wp\/v2\/users\/2"}],"replies":[{"embeddable":true,"href":"https:\/\/centralmedia.rs\/index.php\/wp-json\/wp\/v2\/comments?post=14626"}],"version-history":[{"count":1,"href":"https:\/\/centralmedia.rs\/index.php\/wp-json\/wp\/v2\/posts\/14626\/revisions"}],"predecessor-version":[{"id":14629,"href":"https:\/\/centralmedia.rs\/index.php\/wp-json\/wp\/v2\/posts\/14626\/revisions\/14629"}],"wp:featuredmedia":[{"embeddable":true,"href":"https:\/\/centralmedia.rs\/index.php\/wp-json\/wp\/v2\/media\/14627"}],"wp:attachment":[{"href":"https:\/\/centralmedia.rs\/index.php\/wp-json\/wp\/v2\/media?parent=14626"}],"wp:term":[{"taxonomy":"category","embeddable":true,"href":"https:\/\/centralmedia.rs\/index.php\/wp-json\/wp\/v2\/categories?post=14626"},{"taxonomy":"post_tag","embeddable":true,"href":"https:\/\/centralmedia.rs\/index.php\/wp-json\/wp\/v2\/tags?post=14626"}],"curies":[{"name":"wp","href":"https:\/\/api.w.org\/{rel}","templated":true}]}}