{"id":14630,"date":"2018-10-25T15:43:00","date_gmt":"2018-10-25T15:43:00","guid":{"rendered":"http:\/\/centralmedia.rs\/?p=14630"},"modified":"2018-10-29T13:46:35","modified_gmt":"2018-10-29T13:46:35","slug":"obelezavanje-veka-od-osvajanja-slobode-u-paracinu","status":"publish","type":"post","link":"https:\/\/centralmedia.rs\/index.php\/2018\/10\/25\/obelezavanje-veka-od-osvajanja-slobode-u-paracinu\/","title":{"rendered":"OBELE\u017dAVANJE VEKA OD OSVAJANJA SLOBODE U PARA\u0106INU"},"content":{"rendered":"<p>PARA\u0106IN- Parastosom i polaganjem venaca i cve\u0107a na spomenik majoru Marku Pavlovi\u0107u i trinaestorici vojnika Srpske vojske u porti crkve Svete Trojice u Para\u0107inu danas je obele\u017eena stogodi\u0161njica oslobo\u0111enja Para\u0107ina\u00a0 u Prvom svetskom ratu. Posle trodnevnih borbi Para\u0107in je oslobo\u0111en 25. oktobra od okupatora. Komandant Tre\u0107eg bataljona Drugog pe\u0161adijskog puka Moravske divizije prvog poziva \u00a0Major Marko i njegovi junaci dali su svoje \u017eivote drugog dana borbi za osloba\u0111anje Para\u0107ina i sahranjeni su u porti crkve. Obele\u017eavanju ovog doga\u0111aja prisustvovali su u\u010denici osnovnih \u0161kola i \u010dlanovi mnogobrojnih udru\u017eenja, a cve\u0107e i vence na spomenik polo\u017eili su predstavnici Narodnog pokreta Svi za Para\u0107in, Kola Srpskih sestara, Op\u0161tine Para\u0107in i Udru\u017eenja potomaka ratnika Srbije.<\/p>\n<div id='gallery-1' class='gallery galleryid-14630 gallery-columns-3 gallery-size-full'><figure class='gallery-item'>\n\t\t\t<div class='gallery-icon portrait'>\n\t\t\t\t<a href='https:\/\/centralmedia.rs\/index.php\/2018\/10\/25\/obelezavanje-veka-od-osvajanja-slobode-u-paracinu\/szp-2\/'><img loading=\"lazy\" decoding=\"async\" width=\"720\" height=\"960\" src=\"https:\/\/centralmedia.rs\/wp-content\/uploads\/2018\/10\/szp-2.jpg\" class=\"attachment-full size-full\" alt=\"\" srcset=\"https:\/\/centralmedia.rs\/wp-content\/uploads\/2018\/10\/szp-2.jpg 720w, https:\/\/centralmedia.rs\/wp-content\/uploads\/2018\/10\/szp-2-225x300.jpg 225w, https:\/\/centralmedia.rs\/wp-content\/uploads\/2018\/10\/szp-2-315x420.jpg 315w, https:\/\/centralmedia.rs\/wp-content\/uploads\/2018\/10\/szp-2-640x853.jpg 640w, https:\/\/centralmedia.rs\/wp-content\/uploads\/2018\/10\/szp-2-681x908.jpg 681w\" sizes=\"(max-width: 720px) 100vw, 720px\" \/><\/a>\n\t\t\t<\/div><\/figure><figure class='gallery-item'>\n\t\t\t<div class='gallery-icon portrait'>\n\t\t\t\t<a href='https:\/\/centralmedia.rs\/index.php\/2018\/10\/25\/obelezavanje-veka-od-osvajanja-slobode-u-paracinu\/szp\/'><img loading=\"lazy\" decoding=\"async\" width=\"504\" height=\"705\" src=\"https:\/\/centralmedia.rs\/wp-content\/uploads\/2018\/10\/szp.jpg\" class=\"attachment-full size-full\" alt=\"\" srcset=\"https:\/\/centralmedia.rs\/wp-content\/uploads\/2018\/10\/szp.jpg 504w, https:\/\/centralmedia.rs\/wp-content\/uploads\/2018\/10\/szp-214x300.jpg 214w, https:\/\/centralmedia.rs\/wp-content\/uploads\/2018\/10\/szp-300x420.jpg 300w\" sizes=\"(max-width: 504px) 100vw, 504px\" \/><\/a>\n\t\t\t<\/div><\/figure><figure class='gallery-item'>\n\t\t\t<div class='gallery-icon portrait'>\n\t\t\t\t<a href='https:\/\/centralmedia.rs\/index.php\/2018\/10\/25\/obelezavanje-veka-od-osvajanja-slobode-u-paracinu\/psr\/'><img loading=\"lazy\" decoding=\"async\" width=\"720\" height=\"960\" src=\"https:\/\/centralmedia.rs\/wp-content\/uploads\/2018\/10\/psr.jpg\" class=\"attachment-full size-full\" alt=\"\" srcset=\"https:\/\/centralmedia.rs\/wp-content\/uploads\/2018\/10\/psr.jpg 720w, https:\/\/centralmedia.rs\/wp-content\/uploads\/2018\/10\/psr-225x300.jpg 225w, https:\/\/centralmedia.rs\/wp-content\/uploads\/2018\/10\/psr-315x420.jpg 315w, https:\/\/centralmedia.rs\/wp-content\/uploads\/2018\/10\/psr-640x853.jpg 640w, https:\/\/centralmedia.rs\/wp-content\/uploads\/2018\/10\/psr-681x908.jpg 681w\" sizes=\"(max-width: 720px) 100vw, 720px\" \/><\/a>\n\t\t\t<\/div><\/figure>\n\t\t<\/div>\n\n","protected":false},"excerpt":{"rendered":"<p>PARA\u0106IN- Parastosom i polaganjem venaca i cve\u0107a na spomenik majoru Marku Pavlovi\u0107u i trinaestorici vojnika Srpske vojske u porti crkve Svete Trojice u Para\u0107inu danas &hellip; <\/p>\n","protected":false},"author":2,"featured_media":14631,"comment_status":"open","ping_status":"open","sticky":false,"template":"","format":"standard","meta":{"footnotes":""},"categories":[14,1524,2,1516,12],"tags":[2432,156,2431,3242],"_links":{"self":[{"href":"https:\/\/centralmedia.rs\/index.php\/wp-json\/wp\/v2\/posts\/14630"}],"collection":[{"href":"https:\/\/centralmedia.rs\/index.php\/wp-json\/wp\/v2\/posts"}],"about":[{"href":"https:\/\/centralmedia.rs\/index.php\/wp-json\/wp\/v2\/types\/post"}],"author":[{"embeddable":true,"href":"https:\/\/centralmedia.rs\/index.php\/wp-json\/wp\/v2\/users\/2"}],"replies":[{"embeddable":true,"href":"https:\/\/centralmedia.rs\/index.php\/wp-json\/wp\/v2\/comments?post=14630"}],"version-history":[{"count":1,"href":"https:\/\/centralmedia.rs\/index.php\/wp-json\/wp\/v2\/posts\/14630\/revisions"}],"predecessor-version":[{"id":14637,"href":"https:\/\/centralmedia.rs\/index.php\/wp-json\/wp\/v2\/posts\/14630\/revisions\/14637"}],"wp:featuredmedia":[{"embeddable":true,"href":"https:\/\/centralmedia.rs\/index.php\/wp-json\/wp\/v2\/media\/14631"}],"wp:attachment":[{"href":"https:\/\/centralmedia.rs\/index.php\/wp-json\/wp\/v2\/media?parent=14630"}],"wp:term":[{"taxonomy":"category","embeddable":true,"href":"https:\/\/centralmedia.rs\/index.php\/wp-json\/wp\/v2\/categories?post=14630"},{"taxonomy":"post_tag","embeddable":true,"href":"https:\/\/centralmedia.rs\/index.php\/wp-json\/wp\/v2\/tags?post=14630"}],"curies":[{"name":"wp","href":"https:\/\/api.w.org\/{rel}","templated":true}]}}