{"id":14638,"date":"2018-10-25T18:23:37","date_gmt":"2018-10-25T18:23:37","guid":{"rendered":"http:\/\/centralmedia.rs\/?p=14638"},"modified":"2018-10-29T13:46:48","modified_gmt":"2018-10-29T13:46:48","slug":"uhapsen-zbog-sumnje-da-pucao-u-policajce","status":"publish","type":"post","link":"https:\/\/centralmedia.rs\/index.php\/2018\/10\/25\/uhapsen-zbog-sumnje-da-pucao-u-policajce\/","title":{"rendered":"UHAP\u0160EN ZBOG SUMNJE DA PUCAO U POLICAJCE"},"content":{"rendered":"<p>JAGODINA- Pripadnici Ministarstva unutra\u0161njih poslova u Jagodini uhapsili su M. P. (62) iz mesta Ravna Reka, op\u0161tina Despotovac, zbog postojanja osnova sumnje da je izvr\u0161io krivi\u010dna dela te\u0161ko ubistvo u poku\u0161aju, nedozvoljena proizvodnja, dr\u017eanje, no\u0161enje i promet oru\u017eja i eksplozivnih materija i te\u0161ka kra\u0111a.<\/p>\n<p>Osumnji\u010deni se tereti da je ju\u010de oko 16 sati, u Ravnoj Reci, iz lova\u010dke pu\u0161ke koju je dr\u017eao u ilegalnom posedu, ispalio dva hica u pripadnike Policijske stanice u Despotovcu. Jedan policajac je te\u017ee povre\u0111en i hospitalizovan u Klini\u010dko-bolni\u010dkom centru u Kragujevcu, dok je drugi, sa lak\u0161im povredama u Op\u0161toj bolnici u \u0106upriji.<\/p>\n<p>Policijski slu\u017ebenici su pretra\u017eivali selo u potrazi za traktorom, \u010dija je kra\u0111a prijavljena prethodnog dana. Kako se sumnja, M. P. je maskiran \u201efantomkom\u201c stajao pored traktora sa kojeg je skidao delove kada su ga zatekli policijski slu\u017ebenici na koje je pucao i pobegao.<\/p>\n<p>Pretragom terena i ku\u0107e osumnji\u010denog, prona\u0111eno je vi\u0161e traktorskih delova i dve motorne testere za koje se sumnja da poti\u010du iz kra\u0111a, patrone za lova\u010dku pu\u0161ku kao i \u201efantomka\u201c koju je, najverovatnije, osumnji\u010deni nosio.<\/p>\n<p>&nbsp;<\/p>\n<ol>\n<li>P. je odre\u0111eno zadr\u017eavanje do 48 sati, nakon \u010dega \u0107e, uz krivi\u010dnu prijavu, biti priveden Vi\u0161em javnom tu\u017eila\u0161tvu u Jagodini.<\/li>\n<\/ol>\n<p>&nbsp;<\/p>\n","protected":false},"excerpt":{"rendered":"<p>JAGODINA- Pripadnici Ministarstva unutra\u0161njih poslova u Jagodini uhapsili su M. P. (62) iz mesta Ravna Reka, op\u0161tina Despotovac, zbog postojanja osnova sumnje da je izvr\u0161io &hellip; <\/p>\n","protected":false},"author":2,"featured_media":14025,"comment_status":"open","ping_status":"open","sticky":false,"template":"","format":"standard","meta":{"footnotes":""},"categories":[1518,1524,20,2,12],"tags":[1653,377,1392,2090],"_links":{"self":[{"href":"https:\/\/centralmedia.rs\/index.php\/wp-json\/wp\/v2\/posts\/14638"}],"collection":[{"href":"https:\/\/centralmedia.rs\/index.php\/wp-json\/wp\/v2\/posts"}],"about":[{"href":"https:\/\/centralmedia.rs\/index.php\/wp-json\/wp\/v2\/types\/post"}],"author":[{"embeddable":true,"href":"https:\/\/centralmedia.rs\/index.php\/wp-json\/wp\/v2\/users\/2"}],"replies":[{"embeddable":true,"href":"https:\/\/centralmedia.rs\/index.php\/wp-json\/wp\/v2\/comments?post=14638"}],"version-history":[{"count":1,"href":"https:\/\/centralmedia.rs\/index.php\/wp-json\/wp\/v2\/posts\/14638\/revisions"}],"predecessor-version":[{"id":14639,"href":"https:\/\/centralmedia.rs\/index.php\/wp-json\/wp\/v2\/posts\/14638\/revisions\/14639"}],"wp:featuredmedia":[{"embeddable":true,"href":"https:\/\/centralmedia.rs\/index.php\/wp-json\/wp\/v2\/media\/14025"}],"wp:attachment":[{"href":"https:\/\/centralmedia.rs\/index.php\/wp-json\/wp\/v2\/media?parent=14638"}],"wp:term":[{"taxonomy":"category","embeddable":true,"href":"https:\/\/centralmedia.rs\/index.php\/wp-json\/wp\/v2\/categories?post=14638"},{"taxonomy":"post_tag","embeddable":true,"href":"https:\/\/centralmedia.rs\/index.php\/wp-json\/wp\/v2\/tags?post=14638"}],"curies":[{"name":"wp","href":"https:\/\/api.w.org\/{rel}","templated":true}]}}