{"id":14659,"date":"2018-10-27T12:57:29","date_gmt":"2018-10-27T12:57:29","guid":{"rendered":"http:\/\/centralmedia.rs\/?p=14659"},"modified":"2018-10-30T12:53:42","modified_gmt":"2018-10-30T12:53:42","slug":"stogodisnjica-oslobodenja-svilajnaca-u-prvom-svetskom-ratu","status":"publish","type":"post","link":"https:\/\/centralmedia.rs\/index.php\/2018\/10\/27\/stogodisnjica-oslobodenja-svilajnaca-u-prvom-svetskom-ratu\/","title":{"rendered":"STOGODI\u0160NJICA OSLOBO\u0110ENJA SVILAJNACA U PRVOM SVETSKOM RATU"},"content":{"rendered":"<p>SVILAJNAC- Izlo\u017ebom i Sve\u010danom akademijom obele\u017eena je stogodi\u0161njica oslobo\u0111enja Svilajnaca u Prvom svetskom ratu. Izlo\u017eba ,,Svilajnac u Velikom ratu\u201d i Sve\u010dana akademija na kojoj su nastupili glumac Ljubovje Tadi\u0107 govore\u0107i odlomke iz knjige dr Ar\u010dibalda Rajsa ,,\u010cujte Srbi&#8221;, u\u010denici srednje \u0161kole i hor uveli\u010dali proslavu Dana oslobo\u0111enja Svilajnca.<\/p>\n<div id='gallery-1' class='gallery galleryid-14659 gallery-columns-6 gallery-size-thumbnail'><figure class='gallery-item'>\n\t\t\t<div class='gallery-icon landscape'>\n\t\t\t\t<a href='https:\/\/centralmedia.rs\/index.php\/2018\/10\/27\/stogodisnjica-oslobodenja-svilajnaca-u-prvom-svetskom-ratu\/peskir\/'><img loading=\"lazy\" decoding=\"async\" width=\"150\" height=\"150\" src=\"https:\/\/centralmedia.rs\/wp-content\/uploads\/2018\/10\/peskir-150x150.jpg\" class=\"attachment-thumbnail size-thumbnail\" alt=\"\" \/><\/a>\n\t\t\t<\/div><\/figure><figure class='gallery-item'>\n\t\t\t<div class='gallery-icon landscape'>\n\t\t\t\t<a href='https:\/\/centralmedia.rs\/index.php\/2018\/10\/27\/stogodisnjica-oslobodenja-svilajnaca-u-prvom-svetskom-ratu\/s-6\/'><img loading=\"lazy\" decoding=\"async\" width=\"150\" height=\"150\" src=\"https:\/\/centralmedia.rs\/wp-content\/uploads\/2018\/10\/s-2-150x150.jpg\" class=\"attachment-thumbnail size-thumbnail\" alt=\"\" \/><\/a>\n\t\t\t<\/div><\/figure><figure class='gallery-item'>\n\t\t\t<div class='gallery-icon portrait'>\n\t\t\t\t<a href='https:\/\/centralmedia.rs\/index.php\/2018\/10\/27\/stogodisnjica-oslobodenja-svilajnaca-u-prvom-svetskom-ratu\/tadic\/'><img loading=\"lazy\" decoding=\"async\" width=\"150\" height=\"150\" src=\"https:\/\/centralmedia.rs\/wp-content\/uploads\/2018\/10\/tadic-150x150.jpg\" class=\"attachment-thumbnail size-thumbnail\" alt=\"\" \/><\/a>\n\t\t\t<\/div><\/figure><figure class='gallery-item'>\n\t\t\t<div class='gallery-icon portrait'>\n\t\t\t\t<a href='https:\/\/centralmedia.rs\/index.php\/2018\/10\/27\/stogodisnjica-oslobodenja-svilajnaca-u-prvom-svetskom-ratu\/zastava\/'><img loading=\"lazy\" decoding=\"async\" width=\"150\" height=\"150\" src=\"https:\/\/centralmedia.rs\/wp-content\/uploads\/2018\/10\/zastava-150x150.jpg\" class=\"attachment-thumbnail size-thumbnail\" alt=\"\" \/><\/a>\n\t\t\t<\/div><\/figure><figure class='gallery-item'>\n\t\t\t<div class='gallery-icon landscape'>\n\t\t\t\t<a href='https:\/\/centralmedia.rs\/index.php\/2018\/10\/27\/stogodisnjica-oslobodenja-svilajnaca-u-prvom-svetskom-ratu\/dscn4886\/'><img loading=\"lazy\" decoding=\"async\" width=\"150\" height=\"150\" src=\"https:\/\/centralmedia.rs\/wp-content\/uploads\/2018\/10\/DSCN4886-150x150.jpg\" class=\"attachment-thumbnail size-thumbnail\" alt=\"\" \/><\/a>\n\t\t\t<\/div><\/figure><figure class='gallery-item'>\n\t\t\t<div class='gallery-icon landscape'>\n\t\t\t\t<a href='https:\/\/centralmedia.rs\/index.php\/2018\/10\/27\/stogodisnjica-oslobodenja-svilajnaca-u-prvom-svetskom-ratu\/dscn4887\/'><img loading=\"lazy\" decoding=\"async\" width=\"150\" height=\"150\" src=\"https:\/\/centralmedia.rs\/wp-content\/uploads\/2018\/10\/DSCN4887-150x150.jpg\" class=\"attachment-thumbnail size-thumbnail\" alt=\"\" \/><\/a>\n\t\t\t<\/div><\/figure>\n\t\t<\/div>\n\n<p>Pre 100 godina svilajna\u010dke devojke predale su zastavu srpskim i francuskim oslobodiocima. General \u0160arl Tarnije primio je zastavu. Na zastavi je izve\u017eeno ,,Oslobodiocima Srpstva, Svilajnac 1918, Resavke&#8221;.<\/p>\n<p>Srpska i francuska vojska su zajedno 27.oktobra 1918.godine proterale okupatora i oslobodile Svilajnac, tri godine posle zauzimanja 27. oktobra 1915.godine, kada su Nemaci u\u0161li u grad. Spomenik \u017ertvama \u00a0podignut je 1926.godine. Na mermernom postamentu urezana su imena i postavljene fotografije izginulim ratnicima sa ovog podru\u010dja. U oslobodila\u010dkim ratovima \u00a0od 1912. do 1918. godina poginulo je \u00a0353 pogonulih vojnika iz Svilajnca.<\/p>\n","protected":false},"excerpt":{"rendered":"<p>SVILAJNAC- Izlo\u017ebom i Sve\u010danom akademijom obele\u017eena je stogodi\u0161njica oslobo\u0111enja Svilajnaca u Prvom svetskom ratu. Izlo\u017eba ,,Svilajnac u Velikom ratu\u201d i Sve\u010dana akademija na kojoj su &hellip; <\/p>\n","protected":false},"author":2,"featured_media":14660,"comment_status":"open","ping_status":"open","sticky":false,"template":"","format":"standard","meta":{"footnotes":""},"categories":[14,1524,2,887,12,1517],"tags":[3217,2431,38],"_links":{"self":[{"href":"https:\/\/centralmedia.rs\/index.php\/wp-json\/wp\/v2\/posts\/14659"}],"collection":[{"href":"https:\/\/centralmedia.rs\/index.php\/wp-json\/wp\/v2\/posts"}],"about":[{"href":"https:\/\/centralmedia.rs\/index.php\/wp-json\/wp\/v2\/types\/post"}],"author":[{"embeddable":true,"href":"https:\/\/centralmedia.rs\/index.php\/wp-json\/wp\/v2\/users\/2"}],"replies":[{"embeddable":true,"href":"https:\/\/centralmedia.rs\/index.php\/wp-json\/wp\/v2\/comments?post=14659"}],"version-history":[{"count":1,"href":"https:\/\/centralmedia.rs\/index.php\/wp-json\/wp\/v2\/posts\/14659\/revisions"}],"predecessor-version":[{"id":14667,"href":"https:\/\/centralmedia.rs\/index.php\/wp-json\/wp\/v2\/posts\/14659\/revisions\/14667"}],"wp:featuredmedia":[{"embeddable":true,"href":"https:\/\/centralmedia.rs\/index.php\/wp-json\/wp\/v2\/media\/14660"}],"wp:attachment":[{"href":"https:\/\/centralmedia.rs\/index.php\/wp-json\/wp\/v2\/media?parent=14659"}],"wp:term":[{"taxonomy":"category","embeddable":true,"href":"https:\/\/centralmedia.rs\/index.php\/wp-json\/wp\/v2\/categories?post=14659"},{"taxonomy":"post_tag","embeddable":true,"href":"https:\/\/centralmedia.rs\/index.php\/wp-json\/wp\/v2\/tags?post=14659"}],"curies":[{"name":"wp","href":"https:\/\/api.w.org\/{rel}","templated":true}]}}