{"id":14711,"date":"2018-10-30T08:11:49","date_gmt":"2018-10-30T08:11:49","guid":{"rendered":"http:\/\/centralmedia.rs\/?p=14711"},"modified":"2018-11-06T23:11:47","modified_gmt":"2018-11-06T23:11:47","slug":"izlozba-cuprija-u-velikom-ratu","status":"publish","type":"post","link":"https:\/\/centralmedia.rs\/index.php\/2018\/10\/30\/izlozba-cuprija-u-velikom-ratu\/","title":{"rendered":"IZLO\u017dBA \u0106UPRIJA U VELIKOM RATU"},"content":{"rendered":"<p>\u0106UPRIJA- Izlo\u017ebom \u0106uprija u velikom ratu, autora Stefana Stamenkovi\u0107a, Ustanova kulture nastavlja sa obele\u017eavanjem 100. godi\u0161njice od oslobo\u0111enja tog grada u Prvom svetskom ratu.<\/p>\n<p>&#8211; \u0160ira javnost veoma malo zna o \u0106upriji tokom Prvog svetog rata, tako je bilo te\u0161ko sve prikupiti. Uradili smo 20 plakata temaski podeljenih koji pokazuju razli\u010dite aspekte. Zna\u010dajne li\u010dnosti poput Flore Sens, Ar\u010dibalda Rajsa, dr Nikolaja Sema\u0161ka, generali Dragi\u0161e Pandurevi\u0107a i drugih, ostavili su pisane tragove o tada\u0161njiim prilikamau gardu, ka\u017ee istori\u010dar i autor izlo\u017ebe Stefan Stamenkovi\u0107.<\/p>\n<p>Recimo da jedini od zna\u010dajnih li\u010dnosti tog vremena dr Sema\u0161ko ima svoju ulicu u \u0106upriji. On je od 1914. do 1916. bio upravnik Okru\u017ene bolnice u \u0106upriji. Kasnije je u\u010destvovao u revoluciji u Rusiji 1917. godine, zatim bio ministar zdravlja u SSSR, a kao li\u010dni Lenjinov lekar utvrdio je njegovu smrt i u\u010destvovao u obdukciji njegovog tela.<\/p>\n<p>&#8211; \u0106upri\u010dani o \u0106upriji veoma malo znaju, re\u010d je o administrativnom centru tokom 19. veka i po\u010detkom 20. Moravski okrug je bio ovde, ono \u0161to je danas Jagodina. Najbitnije institucije su bile ovde skoncentrisane dr\u017eavna adminsitracija, sud, policija garnizon, bolnica, zatvor.. . Toliko zna\u010dajnih li\u010dnosti, toliko zna\u010dajnih doga\u0111aja u \u0106upriji o kojima javnost ne zna i to je neverovatno. Mi to sada saznajemo posredno. Ovo je prva izlo\u017eba ovakve vrste u \u0106upriji. Potrebna je bila ideja i inicijativa Ustanove kulture da zapo\u010dnemo sa radom, isti\u010de Stamenkovi\u0107.<\/p>\n","protected":false},"excerpt":{"rendered":"<p>\u0106UPRIJA- Izlo\u017ebom \u0106uprija u velikom ratu, autora Stefana Stamenkovi\u0107a, Ustanova kulture nastavlja sa obele\u017eavanjem 100. godi\u0161njice od oslobo\u0111enja tog grada u Prvom svetskom ratu. &#8211; &hellip; <\/p>\n","protected":false},"author":2,"featured_media":14712,"comment_status":"open","ping_status":"open","sticky":false,"template":"","format":"standard","meta":{"footnotes":""},"categories":[1515,1524,2,15,887,12],"tags":[44,649,3254],"_links":{"self":[{"href":"https:\/\/centralmedia.rs\/index.php\/wp-json\/wp\/v2\/posts\/14711"}],"collection":[{"href":"https:\/\/centralmedia.rs\/index.php\/wp-json\/wp\/v2\/posts"}],"about":[{"href":"https:\/\/centralmedia.rs\/index.php\/wp-json\/wp\/v2\/types\/post"}],"author":[{"embeddable":true,"href":"https:\/\/centralmedia.rs\/index.php\/wp-json\/wp\/v2\/users\/2"}],"replies":[{"embeddable":true,"href":"https:\/\/centralmedia.rs\/index.php\/wp-json\/wp\/v2\/comments?post=14711"}],"version-history":[{"count":1,"href":"https:\/\/centralmedia.rs\/index.php\/wp-json\/wp\/v2\/posts\/14711\/revisions"}],"predecessor-version":[{"id":14713,"href":"https:\/\/centralmedia.rs\/index.php\/wp-json\/wp\/v2\/posts\/14711\/revisions\/14713"}],"wp:featuredmedia":[{"embeddable":true,"href":"https:\/\/centralmedia.rs\/index.php\/wp-json\/wp\/v2\/media\/14712"}],"wp:attachment":[{"href":"https:\/\/centralmedia.rs\/index.php\/wp-json\/wp\/v2\/media?parent=14711"}],"wp:term":[{"taxonomy":"category","embeddable":true,"href":"https:\/\/centralmedia.rs\/index.php\/wp-json\/wp\/v2\/categories?post=14711"},{"taxonomy":"post_tag","embeddable":true,"href":"https:\/\/centralmedia.rs\/index.php\/wp-json\/wp\/v2\/tags?post=14711"}],"curies":[{"name":"wp","href":"https:\/\/api.w.org\/{rel}","templated":true}]}}