{"id":14714,"date":"2018-10-30T08:14:13","date_gmt":"2018-10-30T08:14:13","guid":{"rendered":"http:\/\/centralmedia.rs\/?p=14714"},"modified":"2018-11-06T23:11:57","modified_gmt":"2018-11-06T23:11:57","slug":"rodendanska-zurka-decijeg-hora-dar","status":"publish","type":"post","link":"https:\/\/centralmedia.rs\/index.php\/2018\/10\/30\/rodendanska-zurka-decijeg-hora-dar\/","title":{"rendered":"RO\u0110ENDANSKA \u017dURKA DE\u010cIJEG HORA DAR"},"content":{"rendered":"<p>PARA\u0106INU-De\u010diji hor Dar iz Para\u0107ina obele\u017eio je 7. ro\u0111endan \u017eurkom u sali Pozori\u0161ta, a na repertoru su bili rok i pop hitovi EX YU. \u017durka je organizovana pod nazivom ,,Na radaru&#8221;, \u0161to zna\u010di da stalno tragaju i otkrivaju nove muzi\u010dke pravce.<\/p>\n<p>&#8211; Krenuli smo iz \u0161ale, kao grupa pred\u0161kolaca, ali ubrzo smo dobili starije \u010dlanove. Mnogo nagrada na doma\u0107im i nacionalnim takmi\u010denjima horova. Pro\u0161irili smo se i na \u0106upriju. Radili smo mjuzikle, autorske numere, snimili CD. Imamo podr\u0161ku roditelja, ali kultura je u zape\u0107ku i uvek fali, kazala je osniva\u010d i dirigent hora Maja Ne\u0161i\u0107.<\/p>\n<p>\u017durka je svojevrstan vremeplov kroz muziku EX YU prostor. Slede\u0107e nedelje hor Dar koncertom u \u0106upriji obele\u017eava 3. ro\u0111endan.<\/p>\n","protected":false},"excerpt":{"rendered":"<p>PARA\u0106INU-De\u010diji hor Dar iz Para\u0107ina obele\u017eio je 7. ro\u0111endan \u017eurkom u sali Pozori\u0161ta, a na repertoru su bili rok i pop hitovi EX YU. \u017durka &hellip; <\/p>\n","protected":false},"author":2,"featured_media":14715,"comment_status":"open","ping_status":"open","sticky":false,"template":"","format":"standard","meta":{"footnotes":""},"categories":[1524,2,15,1516,12],"tags":[1871,156,1317],"_links":{"self":[{"href":"https:\/\/centralmedia.rs\/index.php\/wp-json\/wp\/v2\/posts\/14714"}],"collection":[{"href":"https:\/\/centralmedia.rs\/index.php\/wp-json\/wp\/v2\/posts"}],"about":[{"href":"https:\/\/centralmedia.rs\/index.php\/wp-json\/wp\/v2\/types\/post"}],"author":[{"embeddable":true,"href":"https:\/\/centralmedia.rs\/index.php\/wp-json\/wp\/v2\/users\/2"}],"replies":[{"embeddable":true,"href":"https:\/\/centralmedia.rs\/index.php\/wp-json\/wp\/v2\/comments?post=14714"}],"version-history":[{"count":1,"href":"https:\/\/centralmedia.rs\/index.php\/wp-json\/wp\/v2\/posts\/14714\/revisions"}],"predecessor-version":[{"id":14716,"href":"https:\/\/centralmedia.rs\/index.php\/wp-json\/wp\/v2\/posts\/14714\/revisions\/14716"}],"wp:featuredmedia":[{"embeddable":true,"href":"https:\/\/centralmedia.rs\/index.php\/wp-json\/wp\/v2\/media\/14715"}],"wp:attachment":[{"href":"https:\/\/centralmedia.rs\/index.php\/wp-json\/wp\/v2\/media?parent=14714"}],"wp:term":[{"taxonomy":"category","embeddable":true,"href":"https:\/\/centralmedia.rs\/index.php\/wp-json\/wp\/v2\/categories?post=14714"},{"taxonomy":"post_tag","embeddable":true,"href":"https:\/\/centralmedia.rs\/index.php\/wp-json\/wp\/v2\/tags?post=14714"}],"curies":[{"name":"wp","href":"https:\/\/api.w.org\/{rel}","templated":true}]}}