{"id":14722,"date":"2018-10-31T14:20:17","date_gmt":"2018-10-31T14:20:17","guid":{"rendered":"http:\/\/centralmedia.rs\/?p=14722"},"modified":"2018-11-04T00:29:51","modified_gmt":"2018-11-04T00:29:51","slug":"izvestavanje-sa-sudenja-odlozeno-sudenje-po-tuzbi-ivana-ilica-protiv-gorana-jevremovica","status":"publish","type":"post","link":"https:\/\/centralmedia.rs\/index.php\/2018\/10\/31\/izvestavanje-sa-sudenja-odlozeno-sudenje-po-tuzbi-ivana-ilica-protiv-gorana-jevremovica\/","title":{"rendered":"UNS: IZVE\u0160TAVANJE SA SU\u0110ENJA &#8211; Odlo\u017eeno su\u0111enje po tu\u017ebi Ivana Ili\u0107a protiv Gorana Jevremovi\u0107a (FOTO)"},"content":{"rendered":"<p>BEOGRAD- Su\u0111enje po tu\u017ebi Ivana Ili\u0107a iz Jagodine protiv vlasnika mese\u010dnika \u201eMoravske vesti\u201c i portala Centralmedia Gorana Jevremovi\u0107a odlo\u017eeno je danas u Vi\u0161em sudu u Beogradu zbog promene postupaju\u0107eg sudije.<\/p>\n<p>Ivan Ili\u0107 za povredu \u010dasti i ugleda tra\u017eio je naknadu nematerijalne \u0161tete u iznosu od 300.000 dinara.<\/p>\n<p>\u201eIli\u0107 je Jevremovi\u0107a tu\u017eio zbog dva teksta koji se ne nalaze u spisima predmeta, pa ne znamo o kojim se tekstovima radi. Iz tu\u017ebe znamo da se odnose na doga\u0111aj koji se u Jagodini odigrao krajem oktobra i po\u010detkom novembra 2017. godine, kada je, kako su mediji izve\u0161tavali,\u00a0<a href=\"https:\/\/www.blic.rs\/vesti\/hronika\/uhapsen-otmicar-iz-jagodine-policija-nije-bilo-isterivanja-djavola-vec-nasilnicko\/s94lr4x\">Ili\u0107 pritvoren jer je oteo mladi\u0107a i tukao ga kako bi ga odvikao od droge<\/a>. Ili\u0107 je tu\u017ebu protiv Jevremovi\u0107a podneo neposredno nakon \u0161to je iza\u0161ao iz pritvora u kojem je bio zbog postojanja osnova sumnje da je izvr\u0161io krivi\u010dno delo nasilni\u010dko pona\u0161anje\u201c, rekla je UNS-u advokatica Gorana Jevremovi\u0107a Gordana Konstantinovi\u0107.<\/p>\n<p>Ona isti\u010de da je tu\u017eilac trenutno na izdr\u017eavanju kazne zatvora zbog trgovine narkoticima u trajanju od sedam godina, a po presudi Apelacionog suda.<\/p>\n<p><strong>Autor:\u00a0K. Kova\u010d\u00a0Izvor:\u00a0UNS<\/strong><\/p>\n<p>Tekst iz Blica 27.03.2016.<\/p>\n<p>Autor: TANJUG<\/p>\n<div id='gallery-1' class='gallery galleryid-14722 gallery-columns-3 gallery-size-full'><figure class='gallery-item'>\n\t\t\t<div class='gallery-icon landscape'>\n\t\t\t\t<a href='https:\/\/centralmedia.rs\/index.php\/2018\/10\/31\/izvestavanje-sa-sudenja-odlozeno-sudenje-po-tuzbi-ivana-ilica-protiv-gorana-jevremovica\/viber-image-1-3\/'><img loading=\"lazy\" decoding=\"async\" width=\"622\" height=\"460\" src=\"https:\/\/centralmedia.rs\/wp-content\/uploads\/2018\/10\/viber-image-1-2.jpg\" class=\"attachment-full size-full\" alt=\"\" srcset=\"https:\/\/centralmedia.rs\/wp-content\/uploads\/2018\/10\/viber-image-1-2.jpg 622w, https:\/\/centralmedia.rs\/wp-content\/uploads\/2018\/10\/viber-image-1-2-300x222.jpg 300w, https:\/\/centralmedia.rs\/wp-content\/uploads\/2018\/10\/viber-image-1-2-568x420.jpg 568w, https:\/\/centralmedia.rs\/wp-content\/uploads\/2018\/10\/viber-image-1-2-80x60.jpg 80w, https:\/\/centralmedia.rs\/wp-content\/uploads\/2018\/10\/viber-image-1-2-100x75.jpg 100w\" sizes=\"(max-width: 622px) 100vw, 622px\" \/><\/a>\n\t\t\t<\/div><\/figure><figure class='gallery-item'>\n\t\t\t<div class='gallery-icon portrait'>\n\t\t\t\t<a href='https:\/\/centralmedia.rs\/index.php\/2018\/10\/31\/izvestavanje-sa-sudenja-odlozeno-sudenje-po-tuzbi-ivana-ilica-protiv-gorana-jevremovica\/viber-image-2-3\/'><img loading=\"lazy\" decoding=\"async\" width=\"622\" height=\"764\" src=\"https:\/\/centralmedia.rs\/wp-content\/uploads\/2018\/10\/viber-image-2-1.jpg\" class=\"attachment-full size-full\" alt=\"\" srcset=\"https:\/\/centralmedia.rs\/wp-content\/uploads\/2018\/10\/viber-image-2-1.jpg 622w, https:\/\/centralmedia.rs\/wp-content\/uploads\/2018\/10\/viber-image-2-1-244x300.jpg 244w, https:\/\/centralmedia.rs\/wp-content\/uploads\/2018\/10\/viber-image-2-1-342x420.jpg 342w\" sizes=\"(max-width: 622px) 100vw, 622px\" \/><\/a>\n\t\t\t<\/div><\/figure><figure class='gallery-item'>\n\t\t\t<div class='gallery-icon portrait'>\n\t\t\t\t<a href='https:\/\/centralmedia.rs\/index.php\/2018\/10\/31\/izvestavanje-sa-sudenja-odlozeno-sudenje-po-tuzbi-ivana-ilica-protiv-gorana-jevremovica\/viber-image-3-3\/'><img loading=\"lazy\" decoding=\"async\" width=\"622\" height=\"736\" src=\"https:\/\/centralmedia.rs\/wp-content\/uploads\/2018\/10\/viber-image-3-1.jpg\" class=\"attachment-full size-full\" alt=\"\" srcset=\"https:\/\/centralmedia.rs\/wp-content\/uploads\/2018\/10\/viber-image-3-1.jpg 622w, https:\/\/centralmedia.rs\/wp-content\/uploads\/2018\/10\/viber-image-3-1-254x300.jpg 254w, https:\/\/centralmedia.rs\/wp-content\/uploads\/2018\/10\/viber-image-3-1-355x420.jpg 355w\" sizes=\"(max-width: 622px) 100vw, 622px\" \/><\/a>\n\t\t\t<\/div><\/figure>\n\t\t<\/div>\n\n","protected":false},"excerpt":{"rendered":"<p>BEOGRAD- Su\u0111enje po tu\u017ebi Ivana Ili\u0107a iz Jagodine protiv vlasnika mese\u010dnika \u201eMoravske vesti\u201c i portala Centralmedia Gorana Jevremovi\u0107a odlo\u017eeno je danas u Vi\u0161em sudu u &hellip; <\/p>\n","protected":false},"author":2,"featured_media":14723,"comment_status":"open","ping_status":"open","sticky":false,"template":"","format":"standard","meta":{"footnotes":""},"categories":[20,2,12],"tags":[359,2614,3255,137,524,636],"_links":{"self":[{"href":"https:\/\/centralmedia.rs\/index.php\/wp-json\/wp\/v2\/posts\/14722"}],"collection":[{"href":"https:\/\/centralmedia.rs\/index.php\/wp-json\/wp\/v2\/posts"}],"about":[{"href":"https:\/\/centralmedia.rs\/index.php\/wp-json\/wp\/v2\/types\/post"}],"author":[{"embeddable":true,"href":"https:\/\/centralmedia.rs\/index.php\/wp-json\/wp\/v2\/users\/2"}],"replies":[{"embeddable":true,"href":"https:\/\/centralmedia.rs\/index.php\/wp-json\/wp\/v2\/comments?post=14722"}],"version-history":[{"count":9,"href":"https:\/\/centralmedia.rs\/index.php\/wp-json\/wp\/v2\/posts\/14722\/revisions"}],"predecessor-version":[{"id":14735,"href":"https:\/\/centralmedia.rs\/index.php\/wp-json\/wp\/v2\/posts\/14722\/revisions\/14735"}],"wp:featuredmedia":[{"embeddable":true,"href":"https:\/\/centralmedia.rs\/index.php\/wp-json\/wp\/v2\/media\/14723"}],"wp:attachment":[{"href":"https:\/\/centralmedia.rs\/index.php\/wp-json\/wp\/v2\/media?parent=14722"}],"wp:term":[{"taxonomy":"category","embeddable":true,"href":"https:\/\/centralmedia.rs\/index.php\/wp-json\/wp\/v2\/categories?post=14722"},{"taxonomy":"post_tag","embeddable":true,"href":"https:\/\/centralmedia.rs\/index.php\/wp-json\/wp\/v2\/tags?post=14722"}],"curies":[{"name":"wp","href":"https:\/\/api.w.org\/{rel}","templated":true}]}}