{"id":14738,"date":"2018-10-31T11:35:11","date_gmt":"2018-10-31T11:35:11","guid":{"rendered":"http:\/\/centralmedia.rs\/?p=14738"},"modified":"2018-11-01T13:35:59","modified_gmt":"2018-11-01T13:35:59","slug":"stamatovic-jos-jedan-samar-patrijarhu-srpskom","status":"publish","type":"post","link":"https:\/\/centralmedia.rs\/index.php\/2018\/10\/31\/stamatovic-jos-jedan-samar-patrijarhu-srpskom\/","title":{"rendered":"Stamatovi\u0107: Jo\u0161 jedan \u0161amar patrijarhu srpskom"},"content":{"rendered":"<p>\u010cajetina<strong> &#8211; <\/strong>Ima li ve\u0107eg licemerja i smejanja u lice celoj srpskoj javnosti od ju\u010dera\u0161njeg priznanja Aleksandra Vu\u010di\u0107a da je svoj &#8220;genijalni&#8221; plan za predaju 17 odsto teritorije Srbije saop\u0161tio Briselu i pri\u0161tinskim teroristima, ali ne i gra\u0111anima dr\u017eave \u010diji je predsednik, pa \u010dak ni onima zavedenima koji su glasali za njega &#8211; upitao je predsednik Inicijativnog odbora Zdrave Srbije (ZS) Milan Stamatovi\u0107, podse\u0107aju\u0107i da je Vu\u010di\u0107, 106. godi\u0161njicu oslobo\u0111enja Pe\u0107i i cele Metohije od Osmanlija, &#8220;obele\u017eio&#8221; usred Turske, ne propu\u0161taju\u0107i da otuda opali jo\u0161 jedan \u0161amar patrijarhu srpskom koji jo\u0161 veruje da se predsednik &#8220;lavovski bori za Kosovo&#8221;.<\/p>\n<p>&#8211; Na dan oslobo\u0111enja trona Pe\u0107ke patrijar\u0161ije od vi\u0161evekovnog ropstva, &#8220;Lav&#8221; Vu\u010di\u0107 nalo\u017eio je nekoj svojoj politi\u010dkoj vucibatini u srpskom parlamentu, nekom neznabo\u017ea\u010dkom la\u017enom profesoru univerziteta i samozvanom &#8220;predsedniku Skup\u0161tine RSK u izgnanstvu&#8221;, da najvulgarnijim re\u010dnikom hap\u0161enjem pripreti i samom egzarhu pe\u0107kog trona, arhiepiskopu cetinjskom i mitropolitu crnogorsko-primorskom, zetsko-brdskom i skenderijskom! Za\u0161to bi bezbo\u017eni naprednjaci, isti oni koji su se Bogom la\u017eno zaklinjali i kad su su krali poslani\u010dke mandate jedne druge stranke i kada se njihov \u0161ef na Miroslavljevom jevan\u0111elju s predumi\u0161ljajem zaklinjao ko zna kome, znali da je egzarh pe\u0107ki patrijarhov vikar i najvi\u0161i namesnik za Pe\u0107ki tron &#8211; rekao je Stamatovi\u0107, pozivaju\u0107i Vu\u010di\u0107a da, ako mu ve\u0107 Kosovo i Metohija i Pe\u0107ka patrijar\u0161ija ni\u0161ta ne zna\u010de, poka\u017ee da mu, makar, ne\u0161to zna\u010de one istinske evropske vrednosti u koje se, do sada, tako\u0111e la\u017eno, zaklinjao.<\/p>\n<p>Milan Stamatovi\u0107 smatra da ova dr\u017eava treba da se ugleda na Poljsku u kojoj je sud zabranio tamo\u0161njem premijeru da \u0161iri la\u017ei o opoziciju i naredio mu da se, zbog klevetanja svojih politi\u010dkih protivnika, li\u010dno izvini na dve televizijske stanice, u tri dnevna lista i na portalu sopstvene stranke, \u0161to je ovaj i u\u010dinio.<\/p>\n","protected":false},"excerpt":{"rendered":"<p>\u010cajetina &#8211; Ima li ve\u0107eg licemerja i smejanja u lice celoj srpskoj javnosti od ju\u010dera\u0161njeg priznanja Aleksandra Vu\u010di\u0107a da je svoj &#8220;genijalni&#8221; plan za predaju &hellip; <\/p>\n","protected":false},"author":2,"featured_media":13731,"comment_status":"open","ping_status":"open","sticky":false,"template":"","format":"standard","meta":{"footnotes":""},"categories":[2875,1524,2,13,12],"tags":[2762,1794,720],"_links":{"self":[{"href":"https:\/\/centralmedia.rs\/index.php\/wp-json\/wp\/v2\/posts\/14738"}],"collection":[{"href":"https:\/\/centralmedia.rs\/index.php\/wp-json\/wp\/v2\/posts"}],"about":[{"href":"https:\/\/centralmedia.rs\/index.php\/wp-json\/wp\/v2\/types\/post"}],"author":[{"embeddable":true,"href":"https:\/\/centralmedia.rs\/index.php\/wp-json\/wp\/v2\/users\/2"}],"replies":[{"embeddable":true,"href":"https:\/\/centralmedia.rs\/index.php\/wp-json\/wp\/v2\/comments?post=14738"}],"version-history":[{"count":1,"href":"https:\/\/centralmedia.rs\/index.php\/wp-json\/wp\/v2\/posts\/14738\/revisions"}],"predecessor-version":[{"id":14739,"href":"https:\/\/centralmedia.rs\/index.php\/wp-json\/wp\/v2\/posts\/14738\/revisions\/14739"}],"wp:featuredmedia":[{"embeddable":true,"href":"https:\/\/centralmedia.rs\/index.php\/wp-json\/wp\/v2\/media\/13731"}],"wp:attachment":[{"href":"https:\/\/centralmedia.rs\/index.php\/wp-json\/wp\/v2\/media?parent=14738"}],"wp:term":[{"taxonomy":"category","embeddable":true,"href":"https:\/\/centralmedia.rs\/index.php\/wp-json\/wp\/v2\/categories?post=14738"},{"taxonomy":"post_tag","embeddable":true,"href":"https:\/\/centralmedia.rs\/index.php\/wp-json\/wp\/v2\/tags?post=14738"}],"curies":[{"name":"wp","href":"https:\/\/api.w.org\/{rel}","templated":true}]}}