{"id":14756,"date":"2018-11-02T16:31:34","date_gmt":"2018-11-02T16:31:34","guid":{"rendered":"http:\/\/centralmedia.rs\/?p=14756"},"modified":"2018-11-04T00:30:16","modified_gmt":"2018-11-04T00:30:16","slug":"produzena-sezona-u-resavskoj-pecini-do-3-decembra","status":"publish","type":"post","link":"https:\/\/centralmedia.rs\/index.php\/2018\/11\/02\/produzena-sezona-u-resavskoj-pecini-do-3-decembra\/","title":{"rendered":"PRODU\u017dENA SEZONA U RESAVSKOJ PE\u0106INI DO 3. DECEMBRA"},"content":{"rendered":"<p>DESPOTOVAC- Imaju\u0107i u vidu neo\u010dekivano toplo vreme tokom jeseni, rukovodstvo JP \u201eResavska pe\u0107ina\u201c odlu\u010dilo je da ove godine produ\u017ei sezonu do 3. decembra. Radno vreme od 8 do 16 sati. Va\u017eno za posetioce je da i posle 16 \u010dasova mogu da posete pe\u0107inu kada je de\u017euran \u010duvar prirode koji ih tako\u0111e mo\u017ee povesti u obilazak.<\/p>\n<p>U voj sezoni Pe\u0107inu je posetilo 58.500 turista, \u0161to je za oko 1.500 vi\u0161e u odnosu na prethodnu godinu. Produ\u017eetak sezone prilika je da se ostvari cilj a to je 60.000 posetilaca.<\/p>\n<div id='gallery-1' class='gallery galleryid-14756 gallery-columns-3 gallery-size-full'><figure class='gallery-item'>\n\t\t\t<div class='gallery-icon landscape'>\n\t\t\t\t<a href='https:\/\/centralmedia.rs\/index.php\/2018\/11\/02\/produzena-sezona-u-resavskoj-pecini-do-3-decembra\/lisine-1\/'><img loading=\"lazy\" decoding=\"async\" width=\"960\" height=\"960\" src=\"https:\/\/centralmedia.rs\/wp-content\/uploads\/2018\/11\/lisine-1.jpg\" class=\"attachment-full size-full\" alt=\"\" srcset=\"https:\/\/centralmedia.rs\/wp-content\/uploads\/2018\/11\/lisine-1.jpg 960w, https:\/\/centralmedia.rs\/wp-content\/uploads\/2018\/11\/lisine-1-150x150.jpg 150w, https:\/\/centralmedia.rs\/wp-content\/uploads\/2018\/11\/lisine-1-300x300.jpg 300w, https:\/\/centralmedia.rs\/wp-content\/uploads\/2018\/11\/lisine-1-768x768.jpg 768w, https:\/\/centralmedia.rs\/wp-content\/uploads\/2018\/11\/lisine-1-420x420.jpg 420w, https:\/\/centralmedia.rs\/wp-content\/uploads\/2018\/11\/lisine-1-640x640.jpg 640w, https:\/\/centralmedia.rs\/wp-content\/uploads\/2018\/11\/lisine-1-681x681.jpg 681w\" sizes=\"(max-width: 960px) 100vw, 960px\" \/><\/a>\n\t\t\t<\/div><\/figure><figure class='gallery-item'>\n\t\t\t<div class='gallery-icon landscape'>\n\t\t\t\t<a href='https:\/\/centralmedia.rs\/index.php\/2018\/11\/02\/produzena-sezona-u-resavskoj-pecini-do-3-decembra\/lisine-2\/'><img loading=\"lazy\" decoding=\"async\" width=\"2048\" height=\"1365\" src=\"https:\/\/centralmedia.rs\/wp-content\/uploads\/2018\/11\/lisine-2.jpg\" class=\"attachment-full size-full\" alt=\"\" srcset=\"https:\/\/centralmedia.rs\/wp-content\/uploads\/2018\/11\/lisine-2.jpg 2048w, https:\/\/centralmedia.rs\/wp-content\/uploads\/2018\/11\/lisine-2-300x200.jpg 300w, https:\/\/centralmedia.rs\/wp-content\/uploads\/2018\/11\/lisine-2-768x512.jpg 768w, https:\/\/centralmedia.rs\/wp-content\/uploads\/2018\/11\/lisine-2-1024x683.jpg 1024w, https:\/\/centralmedia.rs\/wp-content\/uploads\/2018\/11\/lisine-2-630x420.jpg 630w, https:\/\/centralmedia.rs\/wp-content\/uploads\/2018\/11\/lisine-2-640x427.jpg 640w, https:\/\/centralmedia.rs\/wp-content\/uploads\/2018\/11\/lisine-2-681x454.jpg 681w\" sizes=\"(max-width: 2048px) 100vw, 2048px\" \/><\/a>\n\t\t\t<\/div><\/figure><figure class='gallery-item'>\n\t\t\t<div class='gallery-icon landscape'>\n\t\t\t\t<a href='https:\/\/centralmedia.rs\/index.php\/2018\/11\/02\/produzena-sezona-u-resavskoj-pecini-do-3-decembra\/%d0%b2%d0%b5%d0%bd%d1%87%d0%b0%d1%9a%d0%b5-%d0%bf%d0%b5%d1%9b%d0%b8%d0%bd%d0%b0\/'><img loading=\"lazy\" decoding=\"async\" width=\"945\" height=\"756\" src=\"https:\/\/centralmedia.rs\/wp-content\/uploads\/2018\/11\/\u0412\u0415\u041d\u0427\u0410\u040a\u0415-\u043f\u0435\u045b\u0438\u043d\u0430.jpg\" class=\"attachment-full size-full\" alt=\"\" srcset=\"https:\/\/centralmedia.rs\/wp-content\/uploads\/2018\/11\/\u0412\u0415\u041d\u0427\u0410\u040a\u0415-\u043f\u0435\u045b\u0438\u043d\u0430.jpg 945w, https:\/\/centralmedia.rs\/wp-content\/uploads\/2018\/11\/\u0412\u0415\u041d\u0427\u0410\u040a\u0415-\u043f\u0435\u045b\u0438\u043d\u0430-300x240.jpg 300w, https:\/\/centralmedia.rs\/wp-content\/uploads\/2018\/11\/\u0412\u0415\u041d\u0427\u0410\u040a\u0415-\u043f\u0435\u045b\u0438\u043d\u0430-768x614.jpg 768w, https:\/\/centralmedia.rs\/wp-content\/uploads\/2018\/11\/\u0412\u0415\u041d\u0427\u0410\u040a\u0415-\u043f\u0435\u045b\u0438\u043d\u0430-525x420.jpg 525w, https:\/\/centralmedia.rs\/wp-content\/uploads\/2018\/11\/\u0412\u0415\u041d\u0427\u0410\u040a\u0415-\u043f\u0435\u045b\u0438\u043d\u0430-640x512.jpg 640w, https:\/\/centralmedia.rs\/wp-content\/uploads\/2018\/11\/\u0412\u0415\u041d\u0427\u0410\u040a\u0415-\u043f\u0435\u045b\u0438\u043d\u0430-681x545.jpg 681w\" sizes=\"(max-width: 945px) 100vw, 945px\" \/><\/a>\n\t\t\t<\/div><\/figure>\n\t\t<\/div>\n\n<p>Lepa vest za sve budu\u0107e mladence je da je od ove godine reaktivirana mogu\u0107nost organizacije ven\u010danja u Resavskoj pe\u0107ini i Lisinama. Sada je period planiranja ven\u010danja za slede\u0107u godinu, tako da svi zainteresovani parovi mogu da obrate za vi\u0161e informacija. Ovog leta nekoliko parova iskoristili su priliku da najlep\u0161i dan proslave u tom ambijentu.<\/p>\n<p>Pe\u0107ina \u0107e raditi tokom predstoje\u0107eg dr\u017eavnog praznika 10., 11. i 12. novembra radimo svakog dana.<\/p>\n<p>&nbsp;<\/p>\n","protected":false},"excerpt":{"rendered":"<p>DESPOTOVAC- Imaju\u0107i u vidu neo\u010dekivano toplo vreme tokom jeseni, rukovodstvo JP \u201eResavska pe\u0107ina\u201c odlu\u010dilo je da ove godine produ\u017ei sezonu do 3. decembra. Radno vreme &hellip; <\/p>\n","protected":false},"author":2,"featured_media":14757,"comment_status":"open","ping_status":"open","sticky":false,"template":"","format":"standard","meta":{"footnotes":""},"categories":[1518,1524,2,23,3054],"tags":[51,1543,1540],"_links":{"self":[{"href":"https:\/\/centralmedia.rs\/index.php\/wp-json\/wp\/v2\/posts\/14756"}],"collection":[{"href":"https:\/\/centralmedia.rs\/index.php\/wp-json\/wp\/v2\/posts"}],"about":[{"href":"https:\/\/centralmedia.rs\/index.php\/wp-json\/wp\/v2\/types\/post"}],"author":[{"embeddable":true,"href":"https:\/\/centralmedia.rs\/index.php\/wp-json\/wp\/v2\/users\/2"}],"replies":[{"embeddable":true,"href":"https:\/\/centralmedia.rs\/index.php\/wp-json\/wp\/v2\/comments?post=14756"}],"version-history":[{"count":1,"href":"https:\/\/centralmedia.rs\/index.php\/wp-json\/wp\/v2\/posts\/14756\/revisions"}],"predecessor-version":[{"id":14761,"href":"https:\/\/centralmedia.rs\/index.php\/wp-json\/wp\/v2\/posts\/14756\/revisions\/14761"}],"wp:featuredmedia":[{"embeddable":true,"href":"https:\/\/centralmedia.rs\/index.php\/wp-json\/wp\/v2\/media\/14757"}],"wp:attachment":[{"href":"https:\/\/centralmedia.rs\/index.php\/wp-json\/wp\/v2\/media?parent=14756"}],"wp:term":[{"taxonomy":"category","embeddable":true,"href":"https:\/\/centralmedia.rs\/index.php\/wp-json\/wp\/v2\/categories?post=14756"},{"taxonomy":"post_tag","embeddable":true,"href":"https:\/\/centralmedia.rs\/index.php\/wp-json\/wp\/v2\/tags?post=14756"}],"curies":[{"name":"wp","href":"https:\/\/api.w.org\/{rel}","templated":true}]}}