{"id":14785,"date":"2018-11-06T12:11:00","date_gmt":"2018-11-06T12:11:00","guid":{"rendered":"http:\/\/centralmedia.rs\/?p=14785"},"modified":"2018-11-09T15:11:36","modified_gmt":"2018-11-09T15:11:36","slug":"hor-dar-obelezio-treci-rodendan-u-cupriji","status":"publish","type":"post","link":"https:\/\/centralmedia.rs\/index.php\/2018\/11\/06\/hor-dar-obelezio-treci-rodendan-u-cupriji\/","title":{"rendered":"HOR DAR OBELE\u017dIO TRE\u0106I RO\u0110ENDAN U \u0106UPRIJI"},"content":{"rendered":"<p>\u0106UPRIJA- Hor Dar obele\u017eio je rok \u017eurkom tre\u0107i ro\u0111endan u punoj sali \u0160OMO Du\u0161an Skovran u \u0106uprji. Deca hora Dar izmamila su spontano pevanje i \u0111uskanje od najmla\u0111i do najstarijih gledalaca, ai to je samo deo utisak koji su poneli.<\/p>\n<div id='gallery-1' class='gallery galleryid-14785 gallery-columns-5 gallery-size-thumbnail'><figure class='gallery-item'>\n\t\t\t<div class='gallery-icon landscape'>\n\t\t\t\t<a href='https:\/\/centralmedia.rs\/index.php\/2018\/11\/06\/hor-dar-obelezio-treci-rodendan-u-cupriji\/final-2\/'><img loading=\"lazy\" decoding=\"async\" width=\"150\" height=\"150\" src=\"https:\/\/centralmedia.rs\/wp-content\/uploads\/2018\/11\/final-150x150.jpg\" class=\"attachment-thumbnail size-thumbnail\" alt=\"\" \/><\/a>\n\t\t\t<\/div><\/figure><figure class='gallery-item'>\n\t\t\t<div class='gallery-icon landscape'>\n\t\t\t\t<a href='https:\/\/centralmedia.rs\/index.php\/2018\/11\/06\/hor-dar-obelezio-treci-rodendan-u-cupriji\/hor-dar-3-3\/'><img loading=\"lazy\" decoding=\"async\" width=\"150\" height=\"150\" src=\"https:\/\/centralmedia.rs\/wp-content\/uploads\/2018\/11\/hor-dar-3-150x150.jpg\" class=\"attachment-thumbnail size-thumbnail\" alt=\"\" \/><\/a>\n\t\t\t<\/div><\/figure><figure class='gallery-item'>\n\t\t\t<div class='gallery-icon landscape'>\n\t\t\t\t<a href='https:\/\/centralmedia.rs\/index.php\/2018\/11\/06\/hor-dar-obelezio-treci-rodendan-u-cupriji\/hor-dar-4-2\/'><img loading=\"lazy\" decoding=\"async\" width=\"150\" height=\"150\" src=\"https:\/\/centralmedia.rs\/wp-content\/uploads\/2018\/11\/hor-dar-4-150x150.jpg\" class=\"attachment-thumbnail size-thumbnail\" alt=\"\" \/><\/a>\n\t\t\t<\/div><\/figure><figure class='gallery-item'>\n\t\t\t<div class='gallery-icon landscape'>\n\t\t\t\t<a href='https:\/\/centralmedia.rs\/index.php\/2018\/11\/06\/hor-dar-obelezio-treci-rodendan-u-cupriji\/hor-dar-5\/'><img loading=\"lazy\" decoding=\"async\" width=\"150\" height=\"150\" src=\"https:\/\/centralmedia.rs\/wp-content\/uploads\/2018\/11\/hor-dar-5-150x150.jpg\" class=\"attachment-thumbnail size-thumbnail\" alt=\"\" \/><\/a>\n\t\t\t<\/div><\/figure><figure class='gallery-item'>\n\t\t\t<div class='gallery-icon landscape'>\n\t\t\t\t<a href='https:\/\/centralmedia.rs\/index.php\/2018\/11\/06\/hor-dar-obelezio-treci-rodendan-u-cupriji\/hor-dar-6\/'><img loading=\"lazy\" decoding=\"async\" width=\"150\" height=\"150\" src=\"https:\/\/centralmedia.rs\/wp-content\/uploads\/2018\/11\/hor-dar-6-150x150.jpg\" class=\"attachment-thumbnail size-thumbnail\" alt=\"\" \/><\/a>\n\t\t\t<\/div><\/figure>\n\t\t<\/div>\n\n<p>&#8211; Utisci su fenomenalni, to je rezime ro\u0111endanske rok \u017eurke u \u0106upriji.\u00a0\u00a0Hvala svim divnim ljudima koji su u\u010destvovali u realizaciji ovog projekta i jo\u0161 vi\u0161e svima onima koji podr\u017eavaju rad hora od njegovog nastanka, kazala osniva\u010d i dirigent Maja Ne\u0161i\u0107.<\/p>\n<div id='gallery-2' class='gallery galleryid-14785 gallery-columns-3 gallery-size-thumbnail'><figure class='gallery-item'>\n\t\t\t<div class='gallery-icon landscape'>\n\t\t\t\t<a href='https:\/\/centralmedia.rs\/index.php\/2018\/11\/06\/hor-dar-obelezio-treci-rodendan-u-cupriji\/k-4\/'><img loading=\"lazy\" decoding=\"async\" width=\"150\" height=\"150\" src=\"https:\/\/centralmedia.rs\/wp-content\/uploads\/2018\/11\/k-150x150.jpg\" class=\"attachment-thumbnail size-thumbnail\" alt=\"\" \/><\/a>\n\t\t\t<\/div><\/figure><figure class='gallery-item'>\n\t\t\t<div class='gallery-icon landscape'>\n\t\t\t\t<a href='https:\/\/centralmedia.rs\/index.php\/2018\/11\/06\/hor-dar-obelezio-treci-rodendan-u-cupriji\/hor-dar2\/'><img loading=\"lazy\" decoding=\"async\" width=\"150\" height=\"150\" src=\"https:\/\/centralmedia.rs\/wp-content\/uploads\/2018\/11\/hor-dar2-150x150.jpg\" class=\"attachment-thumbnail size-thumbnail\" alt=\"\" \/><\/a>\n\t\t\t<\/div><\/figure><figure class='gallery-item'>\n\t\t\t<div class='gallery-icon landscape'>\n\t\t\t\t<a href='https:\/\/centralmedia.rs\/index.php\/2018\/11\/06\/hor-dar-obelezio-treci-rodendan-u-cupriji\/hor-dar1\/'><img loading=\"lazy\" decoding=\"async\" width=\"150\" height=\"150\" src=\"https:\/\/centralmedia.rs\/wp-content\/uploads\/2018\/11\/hor-dar1-150x150.jpg\" class=\"attachment-thumbnail size-thumbnail\" alt=\"\" \/><\/a>\n\t\t\t<\/div><\/figure><figure class='gallery-item'>\n\t\t\t<div class='gallery-icon landscape'>\n\t\t\t\t<a href='https:\/\/centralmedia.rs\/index.php\/2018\/11\/06\/hor-dar-obelezio-treci-rodendan-u-cupriji\/hor-dar-9\/'><img loading=\"lazy\" decoding=\"async\" width=\"150\" height=\"150\" src=\"https:\/\/centralmedia.rs\/wp-content\/uploads\/2018\/11\/hor-dar-150x150.jpg\" class=\"attachment-thumbnail size-thumbnail\" alt=\"\" \/><\/a>\n\t\t\t<\/div><\/figure><figure class='gallery-item'>\n\t\t\t<div class='gallery-icon landscape'>\n\t\t\t\t<a href='https:\/\/centralmedia.rs\/index.php\/2018\/11\/06\/hor-dar-obelezio-treci-rodendan-u-cupriji\/hor-dar-7\/'><img loading=\"lazy\" decoding=\"async\" width=\"150\" height=\"150\" src=\"https:\/\/centralmedia.rs\/wp-content\/uploads\/2018\/11\/hor-dar-7-150x150.jpg\" class=\"attachment-thumbnail size-thumbnail\" alt=\"\" \/><\/a>\n\t\t\t<\/div><\/figure>\n\t\t<\/div>\n\n<p>Projekat ,,Na radaru&#8221; kome je cilj bio popularizacija i afirmacija horskog pevanja kod dece, podr\u017ean je na ovogodi\u0161njem konkursu op\u0161tine \u0106uprija za dodelu sredstava NVO. Koncert hora &#8220;Dar&#8221; i rok benda &#8220;New world disorder&#8221; je spoj de\u010dijeg pevanja u vi\u0161eglasju i muzike autenti\u010dnog rok sastava, a hitovi Smaka, Partibrejkersa, Bjelog dugmeta, Riblje \u010dorbe, Bajage i instruktora, Idola&#8230;. zvu\u010dali jo\u0161 bolje u ovom aran\u017emanu.<\/p>\n<p>Foto Ustanova kulture \u0106uprija<\/p>\n","protected":false},"excerpt":{"rendered":"<p>\u0106UPRIJA- Hor Dar obele\u017eio je rok \u017eurkom tre\u0107i ro\u0111endan u punoj sali \u0160OMO Du\u0161an Skovran u \u0106uprji. Deca hora Dar izmamila su spontano pevanje i &hellip; <\/p>\n","protected":false},"author":2,"featured_media":14786,"comment_status":"open","ping_status":"open","sticky":false,"template":"","format":"standard","meta":{"footnotes":""},"categories":[1515,1524,2,23,887,30],"tags":[44,1871,3261,3262],"_links":{"self":[{"href":"https:\/\/centralmedia.rs\/index.php\/wp-json\/wp\/v2\/posts\/14785"}],"collection":[{"href":"https:\/\/centralmedia.rs\/index.php\/wp-json\/wp\/v2\/posts"}],"about":[{"href":"https:\/\/centralmedia.rs\/index.php\/wp-json\/wp\/v2\/types\/post"}],"author":[{"embeddable":true,"href":"https:\/\/centralmedia.rs\/index.php\/wp-json\/wp\/v2\/users\/2"}],"replies":[{"embeddable":true,"href":"https:\/\/centralmedia.rs\/index.php\/wp-json\/wp\/v2\/comments?post=14785"}],"version-history":[{"count":1,"href":"https:\/\/centralmedia.rs\/index.php\/wp-json\/wp\/v2\/posts\/14785\/revisions"}],"predecessor-version":[{"id":14798,"href":"https:\/\/centralmedia.rs\/index.php\/wp-json\/wp\/v2\/posts\/14785\/revisions\/14798"}],"wp:featuredmedia":[{"embeddable":true,"href":"https:\/\/centralmedia.rs\/index.php\/wp-json\/wp\/v2\/media\/14786"}],"wp:attachment":[{"href":"https:\/\/centralmedia.rs\/index.php\/wp-json\/wp\/v2\/media?parent=14785"}],"wp:term":[{"taxonomy":"category","embeddable":true,"href":"https:\/\/centralmedia.rs\/index.php\/wp-json\/wp\/v2\/categories?post=14785"},{"taxonomy":"post_tag","embeddable":true,"href":"https:\/\/centralmedia.rs\/index.php\/wp-json\/wp\/v2\/tags?post=14785"}],"curies":[{"name":"wp","href":"https:\/\/api.w.org\/{rel}","templated":true}]}}