{"id":14802,"date":"2018-11-06T22:56:27","date_gmt":"2018-11-06T22:56:27","guid":{"rendered":"http:\/\/centralmedia.rs\/?p=14802"},"modified":"2018-11-08T10:26:27","modified_gmt":"2018-11-08T10:26:27","slug":"ministar-kulture-snazno-podrzao-sabor-prodoh-levac-prodoh-sumadiju","status":"publish","type":"post","link":"https:\/\/centralmedia.rs\/index.php\/2018\/11\/06\/ministar-kulture-snazno-podrzao-sabor-prodoh-levac-prodoh-sumadiju\/","title":{"rendered":"MINISTAR KULTURE SNA\u017dNO PODR\u017dAO SABOR ,,PRO\u0110OH LEVA\u010c, PRO\u0110OH \u0160UMADIJU,,"},"content":{"rendered":"<p>REKOVAC- Ministar kulture i informisanja Vladan Vukosavljevi\u0107, koji je nedavno u sklopu obele\u017eavanja 90 godina od osnivanja Narodene biblioteke ,,Dr Milovan Spasi\u0107 posetio Rekovac, sna\u017eno je pdor\u017eao Sabor narodnog stvarala\u0161tva ,,Pro\u0111oh Leva\u010d, pro\u0111oh \u0160umadiju&#8221;. Ministar je u razgovoru sa predstavnicima Turisti\u010dke organizacije op\u0161tine Rekovac\u00a0 jo\u0161 jednom dao podr\u0161ku o\u010duvanju nematerijalne ba\u0161tine Leva\u010dkog kraja. Izme\u0111u ostalog u izjavi koju je dao za potrebe snimanja dokumentarnog filma pod nazivom ,,Nematerijalna kulturna ba\u0161tina op\u0161tine Rekovac kroz prizmu 50 godina postojanja sabora ,,Pro\u0111oh Leva\u010d, pro\u0111oh \u0160umadiju\u201c,, ministar je dao sna\u017enu podr\u0161ku o\u010duvanju izvornih vrednosti srpskog naroda i o\u010duvanju samog sabora ,,Pro\u0111oh Leva\u010d, pro\u0111oh \u0160umadiju\u201d.<br \/>\nVukosavljevi\u0107 je naglasio ,, da je nematerijalno kulturno nasle\u0111e jedan od osnovnih temelja postojanja svake kulture i da dru\u0161tva moraju da ula\u017eu u negovanja svoje tradicije, i materijalnog i nematerijalnog nasle\u0111a. Manifestacije ovog tipa jesu dika i ponos jednog naroda i jednog dru\u0161tva, i one imaju sna\u017ene turisti\u010dke potencijale i kulturolo\u0161ke motive i posledice,,.<br \/>\nIzradu dokumentarnog filma i bro\u0161ure o nematerijalnoj kulturnoj ba\u0161tini op\u0161tine Rekovac je finansijski podr\u017ealo Ministarstvo kulture i informisanja zajedno sa Op\u0161tinom Rekovac<\/p>\n<p>Ministar Vukosavljevi\u0107 je prisustvovao sve\u010danoj akademiji povodom jubileja koja je odr\u017eana u Domu kulure i prestavljanju knjige o istorijatu biblioteke pod nazivom ,,Narodna biblioteka Dr Milovan Spasi\u0107 1928-1918,, \u010diji je autor Biljana Tomi\u0107 direktorka Narodne biblioteke u Rekovcu.<\/p>\n","protected":false},"excerpt":{"rendered":"<p>REKOVAC- Ministar kulture i informisanja Vladan Vukosavljevi\u0107, koji je nedavno u sklopu obele\u017eavanja 90 godina od osnivanja Narodene biblioteke ,,Dr Milovan Spasi\u0107 posetio Rekovac, sna\u017eno &hellip; <\/p>\n","protected":false},"author":2,"featured_media":14804,"comment_status":"open","ping_status":"open","sticky":false,"template":"","format":"standard","meta":{"footnotes":""},"categories":[1524,2,15,887,1519,12],"tags":[704,441,1035,3263],"_links":{"self":[{"href":"https:\/\/centralmedia.rs\/index.php\/wp-json\/wp\/v2\/posts\/14802"}],"collection":[{"href":"https:\/\/centralmedia.rs\/index.php\/wp-json\/wp\/v2\/posts"}],"about":[{"href":"https:\/\/centralmedia.rs\/index.php\/wp-json\/wp\/v2\/types\/post"}],"author":[{"embeddable":true,"href":"https:\/\/centralmedia.rs\/index.php\/wp-json\/wp\/v2\/users\/2"}],"replies":[{"embeddable":true,"href":"https:\/\/centralmedia.rs\/index.php\/wp-json\/wp\/v2\/comments?post=14802"}],"version-history":[{"count":1,"href":"https:\/\/centralmedia.rs\/index.php\/wp-json\/wp\/v2\/posts\/14802\/revisions"}],"predecessor-version":[{"id":14805,"href":"https:\/\/centralmedia.rs\/index.php\/wp-json\/wp\/v2\/posts\/14802\/revisions\/14805"}],"wp:featuredmedia":[{"embeddable":true,"href":"https:\/\/centralmedia.rs\/index.php\/wp-json\/wp\/v2\/media\/14804"}],"wp:attachment":[{"href":"https:\/\/centralmedia.rs\/index.php\/wp-json\/wp\/v2\/media?parent=14802"}],"wp:term":[{"taxonomy":"category","embeddable":true,"href":"https:\/\/centralmedia.rs\/index.php\/wp-json\/wp\/v2\/categories?post=14802"},{"taxonomy":"post_tag","embeddable":true,"href":"https:\/\/centralmedia.rs\/index.php\/wp-json\/wp\/v2\/tags?post=14802"}],"curies":[{"name":"wp","href":"https:\/\/api.w.org\/{rel}","templated":true}]}}