{"id":1484,"date":"2015-12-10T14:17:18","date_gmt":"2015-12-10T14:17:18","guid":{"rendered":"http:\/\/centralmedia.rs\/?p=1484"},"modified":"2015-12-10T14:17:18","modified_gmt":"2015-12-10T14:17:18","slug":"energeticari-upozorili-vucica-kazna-zbog-gasenja-elektrana","status":"publish","type":"post","link":"https:\/\/centralmedia.rs\/index.php\/2015\/12\/10\/energeticari-upozorili-vucica-kazna-zbog-gasenja-elektrana\/","title":{"rendered":"ENERGETI\u010cARI UPOZORILI VU\u010cI\u0106A &#8211; KAZNA ZBOG GA\u0160ENJA ELEKTRANA"},"content":{"rendered":"<p>SVILAJNAC-Predsednik sindikata TENT Bogdan Vukoti\u0107 izjavio je danas u Svilajncu u TE Morava da su energeti\u010dari TENT uputili pismo predsedniku Vlade Srbije Aleksandru Vu\u010di\u0107u i upozorili ga da je odluka o ga\u0161enju TE Kolubara pogre\u0161na, a njen proizvod je 2.000 glanih usta. U Kolubari je oragnizovana peticija protiv ga\u0161enje elektrane.<br \/>\n-Imamo snage i hrabrosti da ka\u017eemo, a to smo o u pismu naveli u zaklju\u010dku \u201egre\u0161ite gospodine premijeru sa odlukom da pogasite i zatvorite pogone u TE \u201eKolubara\u201c aprila 2017.godine.\u201c Ne dozvolite da ta odluka bude politi\u010dka, jer je TE \u201eKolubara\u201c i danas jedan od oslonaca proizvodnje struje i energetske bezbednosti kolubarskog regiona, a time i Srbije, ka\u017ee Vukoti\u0107 i dodaje ,,naterajte svoje saradnike na odgovoran i stru\u010dan rad u ineresu JP EPS-a i ne dozvolite da zbog njihove ne odgovornosti Vi budete ka\u017enjeni\u201d.<br \/>\n<figure id=\"attachment_1486\" aria-describedby=\"caption-attachment-1486\" style=\"width: 300px\" class=\"wp-caption alignnone\"><a href=\"https:\/\/centralmedia.rs\/wp-content\/uploads\/2015\/12\/bogdan-vukotic-predsednik-sindikata-tent-1.jpg\" rel=\"attachment wp-att-1486\"><img loading=\"lazy\" decoding=\"async\" src=\"https:\/\/centralmedia.rs\/wp-content\/uploads\/2015\/12\/bogdan-vukotic-predsednik-sindikata-tent-1-300x225.jpg\" alt=\"Bogdan Vukoti\u0107\" width=\"300\" height=\"225\" class=\"size-medium wp-image-1486\" srcset=\"https:\/\/centralmedia.rs\/wp-content\/uploads\/2015\/12\/bogdan-vukotic-predsednik-sindikata-tent-1-300x225.jpg 300w, https:\/\/centralmedia.rs\/wp-content\/uploads\/2015\/12\/bogdan-vukotic-predsednik-sindikata-tent-1-768x576.jpg 768w, https:\/\/centralmedia.rs\/wp-content\/uploads\/2015\/12\/bogdan-vukotic-predsednik-sindikata-tent-1-80x60.jpg 80w, https:\/\/centralmedia.rs\/wp-content\/uploads\/2015\/12\/bogdan-vukotic-predsednik-sindikata-tent-1-265x198.jpg 265w, https:\/\/centralmedia.rs\/wp-content\/uploads\/2015\/12\/bogdan-vukotic-predsednik-sindikata-tent-1.jpg 900w\" sizes=\"(max-width: 300px) 100vw, 300px\" \/><\/a><figcaption id=\"caption-attachment-1486\" class=\"wp-caption-text\">Bogdan Vukoti\u0107<\/figcaption><\/figure><br \/>\n\t\t-Umesto da razvija strate\u0161ku privrednu granu koja \u0107e biti od nacionalnog interesa \u010dime bi Srbija kao dr\u017eava bila energetski stabilna i nezavisna, EPS planira ga\u0161enje preko 1000 MW termo kapaciteta u narednom periodu u kojem istovremeno planira izgradnju samo oko  400 MW novih kapaciteta \u0161to Srbiju neminovno vodi u potpunu energetsku zavisnost, isti\u010de  se u pismu koje je potpisao Vukoti\u0107.<br \/>\nJedna od termoelektrana u sistemu EPS-a koja je odre\u0111ena za \u201eodstrel\u201c je TE \u201eKolubara\u201c iz Velikih Crljena instalisane snage 271 MW od \u010dega je samo 32 MW van mre\u017ee ve\u0107 nekoliko godina. Svi ostali blokovi su trenutno na mre\u017ei, sa optimalnom snagom, pouzdani, bezbedni i energetski efikasni u svako pogledu, navodi se u pismu energeti\u010dara.<br \/>\n-Po\u0161tovani premijeru, va\u0161i saradnici , bez ikakve analize, bez adekvatnog programa energetske stabilnosti insistiraju na potpunom ga\u0161enju ove termoelektrane  bez obzire \u0161to se u njenom sastavu nalazi jedan od najmla\u0111ih blokova u JP EPS. Osim toga, naru\u010dene su odre\u0111ene studije kako bi se utvrdila opravdanost ga\u0161enja tih kapaciteta sa unapred isceniranim zaklju\u010dkom. Elektro mre\u017ea Srbije je dala krajnje ozbiljno, argumentovano i \u010dinjeni\u010dno upozorenje da ga\u0161enje blokova u TE \u201eKolubara\u201c ugro\u017eava energetsku bezbednost RB \u201eKolubara\u201c i \u010ditavog kolubarskog regiona s obzirom da \u010din povla\u010denja iz pogona svih blokova, osim A1 i A2 ne mo\u017ee da se nadomesti bez izgradnje trafo stanice 400\/110 KV uz neohodnoa ulaganja od  20 miliona evra i period od 6 godina, nagla\u0161ava Vukoti\u0107.<br \/>\nSindikat TENT u pismu Vu\u010di\u0107u posebno podvla\u010di da ga\u0161enje TE \u201eKolubara\u201c zna\u010di novih 2000 gladnih usta, zatvaranje vrti\u0107a, \u0161kola, domova zdravlja, zna\u010di ga\u0161enje \u017eivota u Velikim Crljenima i mestima u okru\u017eenju koja su sudbinski vezana za rad TE \u201eKolubara\u201c.<br \/>\n-Ekonomski i energetski razlozi za njeno ga\u0161enje ne postoje. To Vam odgovorno tvrdimo. Odluka o tome je isklju\u010divo politi\u010dka, a takva politika je pogubna za gra\u0111ane ovoga kraja, \u0161to \u0107e Vam potvrditi i broj potpisa gra\u0111ana i radnika na peticiji protiv ga\u0161enja ove elektrane. Tako\u0111e, njeno ga\u0161enje je izuzetno \u0161tetno za EPS i celu Srbiju posebno kada se radi o energetskoj bezbednosti, ka\u017ee Vukoti\u0107 I upu\u0107uje molbu da se energenita\u010darima pru\u017ei \u0161ansa.<br \/>\n-To zaslu\u017euje kako TE \u201eKolubara\u201c  tako i zaposleni u njoj. Samo tra\u017eimo da nas ubede i doka\u017eu da ova termoelektrana nije energetski efikasna, da je neprofitabilna, da stvara gubitke EPS-u i da je cena kilovati proizvedena u njoj skuplja od uvozne cene struje, a mi tvrdimo da nije. Naprotiv, pa zar i ga\u0161enje i odricanje sopstvenih kapaciteta treba da bude stvar politike, a ne stvarnih potreba Srbije i njenih gra\u0111ana, pita se Vukoti\u0107.<br \/>\nEnergeti\u010dari TENT pozivaju Vu\u010di\u0107 da spre\u010di da razni uvozni lobiji postanu nosioci energetske bezbednosti Srbije, da neki mladi ,,evropejci\u201d kreiraju energetiku Srbije, a posebno EPS samo na osnovu onoga \u0161to su \u0161etaju\u0107i Evropom videli i \u010duli, te da su im pri tome gra\u0111ani Srbije i radnici na poslednjem mestu.<br \/>\n-Pred Vama je istorijska prilika da put  kojim ste krenuli, iskora\u010date do kraja. Bez naroda ove zemlje, bez radnika koju su ovu Elektroprivredu dizali iz pepela posle bombardovanja, poplava i po\u017eara, sigurno ne\u0107ete uspeti ma koliku podr\u0161ku imali van granica Srbije. Oslonite se na sopstveni narod i pogledajte ga u o\u010di isto kao \u0161to on gleda u Vas, pun i\u0161\u010dekivanja i vere u \u010destitu, po\u0161tenu i prosperitetnu Srbiju, zaklju\u010duju u pismu energweti\u010dari TENT.<\/p>\n","protected":false},"excerpt":{"rendered":"<p>SVILAJNAC-Predsednik sindikata TENT Bogdan Vukoti\u0107 izjavio je danas u Svilajncu u TE Morava da su energeti\u010dari TENT uputili pismo predsedniku Vlade Srbije Aleksandru Vu\u010di\u0107u i &hellip; <\/p>\n","protected":false},"author":4,"featured_media":1485,"comment_status":"open","ping_status":"open","sticky":false,"template":"","format":"standard","meta":{"footnotes":""},"categories":[22,2,12],"tags":[113,337,63],"_links":{"self":[{"href":"https:\/\/centralmedia.rs\/index.php\/wp-json\/wp\/v2\/posts\/1484"}],"collection":[{"href":"https:\/\/centralmedia.rs\/index.php\/wp-json\/wp\/v2\/posts"}],"about":[{"href":"https:\/\/centralmedia.rs\/index.php\/wp-json\/wp\/v2\/types\/post"}],"author":[{"embeddable":true,"href":"https:\/\/centralmedia.rs\/index.php\/wp-json\/wp\/v2\/users\/4"}],"replies":[{"embeddable":true,"href":"https:\/\/centralmedia.rs\/index.php\/wp-json\/wp\/v2\/comments?post=1484"}],"version-history":[{"count":0,"href":"https:\/\/centralmedia.rs\/index.php\/wp-json\/wp\/v2\/posts\/1484\/revisions"}],"wp:featuredmedia":[{"embeddable":true,"href":"https:\/\/centralmedia.rs\/index.php\/wp-json\/wp\/v2\/media\/1485"}],"wp:attachment":[{"href":"https:\/\/centralmedia.rs\/index.php\/wp-json\/wp\/v2\/media?parent=1484"}],"wp:term":[{"taxonomy":"category","embeddable":true,"href":"https:\/\/centralmedia.rs\/index.php\/wp-json\/wp\/v2\/categories?post=1484"},{"taxonomy":"post_tag","embeddable":true,"href":"https:\/\/centralmedia.rs\/index.php\/wp-json\/wp\/v2\/tags?post=1484"}],"curies":[{"name":"wp","href":"https:\/\/api.w.org\/{rel}","templated":true}]}}