{"id":14869,"date":"2018-11-09T14:37:26","date_gmt":"2018-11-09T14:37:26","guid":{"rendered":"http:\/\/centralmedia.rs\/?p=14869"},"modified":"2018-11-10T15:17:48","modified_gmt":"2018-11-10T15:17:48","slug":"to-zlatibor-i-to-istocno-sarajevo-potpisali-protokol-o-saradnji","status":"publish","type":"post","link":"https:\/\/centralmedia.rs\/index.php\/2018\/11\/09\/to-zlatibor-i-to-istocno-sarajevo-potpisali-protokol-o-saradnji\/","title":{"rendered":"TO ZLATIBOR I TO ISTO\u010cNO SARAJEVO POTPISALI PROTOKOL O SARADNJI"},"content":{"rendered":"<p>\u010cAJETINA- Direktor Turisti\u010dke organizacije Isto\u010dnog Sarajeva Igor To\u0161i\u0107 i direktor Turisti\u010dke organizacije Zlatibor Vladimir \u017divanovi\u0107 potpisali su u \u010cajetini Protokol o saradnji u oblasti turizma kojim je samo ozvani\u010dena vi\u0161egodi\u0161nja saradnja u toj oblasti.<\/p>\n<div id='gallery-1' class='gallery galleryid-14869 gallery-columns-2 gallery-size-full'><figure class='gallery-item'>\n\t\t\t<div class='gallery-icon landscape'>\n\t\t\t\t<a href='https:\/\/centralmedia.rs\/index.php\/2018\/11\/09\/to-zlatibor-i-to-istocno-sarajevo-potpisali-protokol-o-saradnji\/poklona\/'><img loading=\"lazy\" decoding=\"async\" width=\"550\" height=\"310\" src=\"https:\/\/centralmedia.rs\/wp-content\/uploads\/2018\/11\/poklona.jpg\" class=\"attachment-full size-full\" alt=\"\" srcset=\"https:\/\/centralmedia.rs\/wp-content\/uploads\/2018\/11\/poklona.jpg 550w, https:\/\/centralmedia.rs\/wp-content\/uploads\/2018\/11\/poklona-300x169.jpg 300w\" sizes=\"(max-width: 550px) 100vw, 550px\" \/><\/a>\n\t\t\t<\/div><\/figure><figure class='gallery-item'>\n\t\t\t<div class='gallery-icon landscape'>\n\t\t\t\t<a href='https:\/\/centralmedia.rs\/index.php\/2018\/11\/09\/to-zlatibor-i-to-istocno-sarajevo-potpisali-protokol-o-saradnji\/poklonz\/'><img loading=\"lazy\" decoding=\"async\" width=\"550\" height=\"310\" src=\"https:\/\/centralmedia.rs\/wp-content\/uploads\/2018\/11\/poklonz.jpg\" class=\"attachment-full size-full\" alt=\"\" srcset=\"https:\/\/centralmedia.rs\/wp-content\/uploads\/2018\/11\/poklonz.jpg 550w, https:\/\/centralmedia.rs\/wp-content\/uploads\/2018\/11\/poklonz-300x169.jpg 300w\" sizes=\"(max-width: 550px) 100vw, 550px\" \/><\/a>\n\t\t\t<\/div><\/figure>\n\t\t<\/div>\n\n<p>Zamenik predsednika op\u0161tine \u010cajetina Arsen \u0110uri\u0107 naglasio je tom prilikom da ve\u0107 postoji nekoliko potpisanih sporazuma sa op\u0161tinama i gradovima u Republici Srpskoj i da je, na primer, sa op\u0161tinom Pale, koja je deo grada Isto\u010dno Sarajevo, realizovano nekoliko projekata pregograni\u010dne saradnje. \u201eZna\u010dajan projekat bi\u0107e izgradnja autoputa od Beograda preko U\u017eica ka Sarajevu, na Zlatiboru se gradi gondola do Tornika a i u Isto\u010dnom Sarajevu se gradi gondola od Pala do Jahorine, i mi i oni smo turisti\u010dki lideri svojih regiona, \u0161to sve samo pokazuje da \u0107e se na\u0161a saradnja tek produbljivati u narednom periodu\u201c zaklju\u010dio je \u0110uri\u0107.<\/p>\n<p>Direktor Turisti\u010dke organizacije Zlatibor Vladimir \u017divanovi\u0107 je naglasio da Zlatibor primerima dobre prakse i iskustvima sa terena mo\u017ee dosta toga da prenese kolegama iz Republike Srpske, i da \u0107e poseban kvalitet predstavljati zajedni\u010dki turisti\u010dki proizvod kojim \u0107e se svakako privu\u0107i znatno ve\u0107i broj turista iz regiona i \u010ditave Evrope.<\/p>\n<p>Igor To\u0161i\u0107, direktor Turisti\u010dke organizacije Isto\u010dnog Sarajeva je, zahvaljuju\u0107i se doma\u0107inima, naglasio da njihov grad do\u017eivljava pravu turisti\u010dku ekspanziju i da \u0107e uspostavljanje zajedni\u010dkog proizvoda sa Zlatiborom i op\u0161tinom \u010cajetina samo to jo\u0161 vi\u0161e pospe\u0161iti.<\/p>\n<p>Potpisivanju protokola prisustvovao je i gradona\u010delnik Isto\u010dnog Sarajeva Nenad Vukovi\u0107, koji se ovom prilikom pohvalio da je ovaj grad nedavno dobio status turisti\u010dkog mesta koji u Republici Srpskoj imaju jo\u0161 samo Trebinje i Banjaluka.Istakao je i da Zlatibr i Jahorina i \u010cajetina i Isto\u010dno Sarajevo nisu konkurencija, ve\u0107 mesta koja u narednom periodu mogu stvarati zajedni\u010dke ponude, posebno jer \u0107e se u narednom periodu de\u0161avati regionalni pristupi i globalizacija. \u201eTuristi \u0107e u narednom periodu tra\u017eiti kompletnije ponude i vi\u0161e destinacija u svom aran\u017emanu i u tom pogledu, mi moramo raditi zajedno\u201c rekao je gradona\u010delnik Isto\u010dnog Sarajeva.<\/p>\n<p>Predstavnici mnogobrojnih medija iz Republike Srpske bi\u0107e ovom prilikom u mogu\u0107nosti da u\u017eivaju u prirodnim lepotama i znamenitostima Zlatibora i op\u0161tine \u010cajetina.<\/p>\n<p>&nbsp;<\/p>\n<p>&nbsp;<\/p>\n","protected":false},"excerpt":{"rendered":"<p>\u010cAJETINA- Direktor Turisti\u010dke organizacije Isto\u010dnog Sarajeva Igor To\u0161i\u0107 i direktor Turisti\u010dke organizacije Zlatibor Vladimir \u017divanovi\u0107 potpisali su u \u010cajetini Protokol o saradnji u oblasti turizma &hellip; <\/p>\n","protected":false},"author":2,"featured_media":14870,"comment_status":"open","ping_status":"open","sticky":false,"template":"","format":"standard","meta":{"footnotes":""},"categories":[2875,1524,2,23,887,3054],"tags":[2762,3272,3273],"_links":{"self":[{"href":"https:\/\/centralmedia.rs\/index.php\/wp-json\/wp\/v2\/posts\/14869"}],"collection":[{"href":"https:\/\/centralmedia.rs\/index.php\/wp-json\/wp\/v2\/posts"}],"about":[{"href":"https:\/\/centralmedia.rs\/index.php\/wp-json\/wp\/v2\/types\/post"}],"author":[{"embeddable":true,"href":"https:\/\/centralmedia.rs\/index.php\/wp-json\/wp\/v2\/users\/2"}],"replies":[{"embeddable":true,"href":"https:\/\/centralmedia.rs\/index.php\/wp-json\/wp\/v2\/comments?post=14869"}],"version-history":[{"count":1,"href":"https:\/\/centralmedia.rs\/index.php\/wp-json\/wp\/v2\/posts\/14869\/revisions"}],"predecessor-version":[{"id":14873,"href":"https:\/\/centralmedia.rs\/index.php\/wp-json\/wp\/v2\/posts\/14869\/revisions\/14873"}],"wp:featuredmedia":[{"embeddable":true,"href":"https:\/\/centralmedia.rs\/index.php\/wp-json\/wp\/v2\/media\/14870"}],"wp:attachment":[{"href":"https:\/\/centralmedia.rs\/index.php\/wp-json\/wp\/v2\/media?parent=14869"}],"wp:term":[{"taxonomy":"category","embeddable":true,"href":"https:\/\/centralmedia.rs\/index.php\/wp-json\/wp\/v2\/categories?post=14869"},{"taxonomy":"post_tag","embeddable":true,"href":"https:\/\/centralmedia.rs\/index.php\/wp-json\/wp\/v2\/tags?post=14869"}],"curies":[{"name":"wp","href":"https:\/\/api.w.org\/{rel}","templated":true}]}}