{"id":14874,"date":"2018-11-09T14:54:08","date_gmt":"2018-11-09T14:54:08","guid":{"rendered":"http:\/\/centralmedia.rs\/?p=14874"},"modified":"2018-11-15T22:03:00","modified_gmt":"2018-11-15T22:03:00","slug":"dan-primirja","status":"publish","type":"post","link":"https:\/\/centralmedia.rs\/index.php\/2018\/11\/09\/dan-primirja\/","title":{"rendered":"DAN PRIMIRJA"},"content":{"rendered":"<p>SVILAJNAC- Op\u0161tina Svilajnac obele\u017eila je Dan Primirja u Prvom Svetskom ratu polaganjem venaca na Spomenik Mare Resavkinje u \u010dast palim borcima u Velikom ratu. Venac su polo\u017eili zamenik predsednika op\u0161tine Svilajnac Dragana Radevi\u0107 i predsednik Skup\u0161tine op\u0161tine Svilajnac dr Vladan Rajkovi\u0107.<\/p>\n","protected":false},"excerpt":{"rendered":"<p>SVILAJNAC- Op\u0161tina Svilajnac obele\u017eila je Dan Primirja u Prvom Svetskom ratu polaganjem venaca na Spomenik Mare Resavkinje u \u010dast palim borcima u Velikom ratu. Venac &hellip; <\/p>\n","protected":false},"author":2,"featured_media":14875,"comment_status":"open","ping_status":"open","sticky":false,"template":"","format":"standard","meta":{"footnotes":""},"categories":[14,1524,2,887,12,1517],"tags":[3274,3275,38],"_links":{"self":[{"href":"https:\/\/centralmedia.rs\/index.php\/wp-json\/wp\/v2\/posts\/14874"}],"collection":[{"href":"https:\/\/centralmedia.rs\/index.php\/wp-json\/wp\/v2\/posts"}],"about":[{"href":"https:\/\/centralmedia.rs\/index.php\/wp-json\/wp\/v2\/types\/post"}],"author":[{"embeddable":true,"href":"https:\/\/centralmedia.rs\/index.php\/wp-json\/wp\/v2\/users\/2"}],"replies":[{"embeddable":true,"href":"https:\/\/centralmedia.rs\/index.php\/wp-json\/wp\/v2\/comments?post=14874"}],"version-history":[{"count":1,"href":"https:\/\/centralmedia.rs\/index.php\/wp-json\/wp\/v2\/posts\/14874\/revisions"}],"predecessor-version":[{"id":14876,"href":"https:\/\/centralmedia.rs\/index.php\/wp-json\/wp\/v2\/posts\/14874\/revisions\/14876"}],"wp:featuredmedia":[{"embeddable":true,"href":"https:\/\/centralmedia.rs\/index.php\/wp-json\/wp\/v2\/media\/14875"}],"wp:attachment":[{"href":"https:\/\/centralmedia.rs\/index.php\/wp-json\/wp\/v2\/media?parent=14874"}],"wp:term":[{"taxonomy":"category","embeddable":true,"href":"https:\/\/centralmedia.rs\/index.php\/wp-json\/wp\/v2\/categories?post=14874"},{"taxonomy":"post_tag","embeddable":true,"href":"https:\/\/centralmedia.rs\/index.php\/wp-json\/wp\/v2\/tags?post=14874"}],"curies":[{"name":"wp","href":"https:\/\/api.w.org\/{rel}","templated":true}]}}