{"id":14877,"date":"2018-11-10T15:09:50","date_gmt":"2018-11-10T15:09:50","guid":{"rendered":"http:\/\/centralmedia.rs\/?p=14877"},"modified":"2018-11-15T22:03:13","modified_gmt":"2018-11-15T22:03:13","slug":"zavicajni-klub-likovnih-umetnika-cuprije","status":"publish","type":"post","link":"https:\/\/centralmedia.rs\/index.php\/2018\/11\/10\/zavicajni-klub-likovnih-umetnika-cuprije\/","title":{"rendered":"ZAVI\u010cAJNI KLUB LIKOVNIH UMETNIKA \u0106UPRIJE"},"content":{"rendered":"<p>\u0106UPRIJA- Zavi\u010dajni klub likovnih umetnika \u0106uprije \u00a0organizovao je u galeriji Muzeja &#8220;Horeum Margi-Ravno&#8221; 9. godi\u0161nju kolektivnu izlo\u017ebu \u0107uprijskih umetnika. Plaketa udru\u017eenja posthumno je dodeljena \u0110or\u0111u Jovi\u0107u, jednom od osniva\u010da Zavi\u010dajnog kluba likovnih umetnika \u0106uprije, a priznanje je primila \u00a0njegova \u0107erka Ivana \u0110or\u0111evi\u0107.<\/p>\n<div id='gallery-1' class='gallery galleryid-14877 gallery-columns-3 gallery-size-full'><figure class='gallery-item'>\n\t\t\t<div class='gallery-icon landscape'>\n\t\t\t\t<a href='https:\/\/centralmedia.rs\/index.php\/2018\/11\/10\/zavicajni-klub-likovnih-umetnika-cuprije\/1-16\/'><img loading=\"lazy\" decoding=\"async\" width=\"1280\" height=\"622\" src=\"https:\/\/centralmedia.rs\/wp-content\/uploads\/2018\/11\/1-1.jpg\" class=\"attachment-full size-full\" alt=\"\" srcset=\"https:\/\/centralmedia.rs\/wp-content\/uploads\/2018\/11\/1-1.jpg 1280w, https:\/\/centralmedia.rs\/wp-content\/uploads\/2018\/11\/1-1-300x146.jpg 300w, https:\/\/centralmedia.rs\/wp-content\/uploads\/2018\/11\/1-1-768x373.jpg 768w, https:\/\/centralmedia.rs\/wp-content\/uploads\/2018\/11\/1-1-1024x498.jpg 1024w, https:\/\/centralmedia.rs\/wp-content\/uploads\/2018\/11\/1-1-864x420.jpg 864w, https:\/\/centralmedia.rs\/wp-content\/uploads\/2018\/11\/1-1-640x311.jpg 640w, https:\/\/centralmedia.rs\/wp-content\/uploads\/2018\/11\/1-1-681x331.jpg 681w\" sizes=\"(max-width: 1280px) 100vw, 1280px\" \/><\/a>\n\t\t\t<\/div><\/figure><figure class='gallery-item'>\n\t\t\t<div class='gallery-icon landscape'>\n\t\t\t\t<a href='https:\/\/centralmedia.rs\/index.php\/2018\/11\/10\/zavicajni-klub-likovnih-umetnika-cuprije\/2-15\/'><img loading=\"lazy\" decoding=\"async\" width=\"1280\" height=\"622\" src=\"https:\/\/centralmedia.rs\/wp-content\/uploads\/2018\/11\/2-1.jpg\" class=\"attachment-full size-full\" alt=\"\" srcset=\"https:\/\/centralmedia.rs\/wp-content\/uploads\/2018\/11\/2-1.jpg 1280w, https:\/\/centralmedia.rs\/wp-content\/uploads\/2018\/11\/2-1-300x146.jpg 300w, https:\/\/centralmedia.rs\/wp-content\/uploads\/2018\/11\/2-1-768x373.jpg 768w, https:\/\/centralmedia.rs\/wp-content\/uploads\/2018\/11\/2-1-1024x498.jpg 1024w, https:\/\/centralmedia.rs\/wp-content\/uploads\/2018\/11\/2-1-864x420.jpg 864w, https:\/\/centralmedia.rs\/wp-content\/uploads\/2018\/11\/2-1-640x311.jpg 640w, https:\/\/centralmedia.rs\/wp-content\/uploads\/2018\/11\/2-1-681x331.jpg 681w\" sizes=\"(max-width: 1280px) 100vw, 1280px\" \/><\/a>\n\t\t\t<\/div><\/figure><figure class='gallery-item'>\n\t\t\t<div class='gallery-icon landscape'>\n\t\t\t\t<a href='https:\/\/centralmedia.rs\/index.php\/2018\/11\/10\/zavicajni-klub-likovnih-umetnika-cuprije\/viber-image-11\/'><img loading=\"lazy\" decoding=\"async\" width=\"1280\" height=\"622\" src=\"https:\/\/centralmedia.rs\/wp-content\/uploads\/2018\/11\/viber-image.jpg\" class=\"attachment-full size-full\" alt=\"\" srcset=\"https:\/\/centralmedia.rs\/wp-content\/uploads\/2018\/11\/viber-image.jpg 1280w, https:\/\/centralmedia.rs\/wp-content\/uploads\/2018\/11\/viber-image-300x146.jpg 300w, https:\/\/centralmedia.rs\/wp-content\/uploads\/2018\/11\/viber-image-768x373.jpg 768w, https:\/\/centralmedia.rs\/wp-content\/uploads\/2018\/11\/viber-image-1024x498.jpg 1024w, https:\/\/centralmedia.rs\/wp-content\/uploads\/2018\/11\/viber-image-864x420.jpg 864w, https:\/\/centralmedia.rs\/wp-content\/uploads\/2018\/11\/viber-image-640x311.jpg 640w, https:\/\/centralmedia.rs\/wp-content\/uploads\/2018\/11\/viber-image-681x331.jpg 681w\" sizes=\"(max-width: 1280px) 100vw, 1280px\" \/><\/a>\n\t\t\t<\/div><\/figure>\n\t\t<\/div>\n\n<p>&#8211; \u017delimo da se odu\u017eimo ljudima koji su na bilo koji na\u010din pomogli ostvarivanju ciljeva udru\u017eenja, odnosno radili na popularizaciji likovne umetnosti. Jovi\u0107 je svojim doprinosom i radom u nastanku i \u017eivotu udru\u017eenja dao veliki pe\u010dat, bez\u00a0 obzira \u0161to nije bio likovni umetnik, ve\u0107 ljubitelj umetnosti. On je mnogo vi\u0161e uradio za udru\u017eenje od pojedinih likovnjaka. Za \u017eivota on nije \u017eeleo da primi Plaketu udru\u017eenja, ali mi smo to uradili postuhmno, rekao je likovni umetnik Novak Novakovi\u0107<\/p>\n<p>Izlo\u017eba \u0107e biti otvorena do 30. novembra.<\/p>\n<p>Fotografija : Ivan Milosavljevi\u0107<\/p>\n<p>&nbsp;<\/p>\n","protected":false},"excerpt":{"rendered":"<p>\u0106UPRIJA- Zavi\u010dajni klub likovnih umetnika \u0106uprije \u00a0organizovao je u galeriji Muzeja &#8220;Horeum Margi-Ravno&#8221; 9. godi\u0161nju kolektivnu izlo\u017ebu \u0107uprijskih umetnika. Plaketa udru\u017eenja posthumno je dodeljena \u0110or\u0111u &hellip; <\/p>\n","protected":false},"author":2,"featured_media":14878,"comment_status":"open","ping_status":"open","sticky":false,"template":"","format":"standard","meta":{"footnotes":""},"categories":[1515,1524,2,15,12],"tags":[44,3276],"_links":{"self":[{"href":"https:\/\/centralmedia.rs\/index.php\/wp-json\/wp\/v2\/posts\/14877"}],"collection":[{"href":"https:\/\/centralmedia.rs\/index.php\/wp-json\/wp\/v2\/posts"}],"about":[{"href":"https:\/\/centralmedia.rs\/index.php\/wp-json\/wp\/v2\/types\/post"}],"author":[{"embeddable":true,"href":"https:\/\/centralmedia.rs\/index.php\/wp-json\/wp\/v2\/users\/2"}],"replies":[{"embeddable":true,"href":"https:\/\/centralmedia.rs\/index.php\/wp-json\/wp\/v2\/comments?post=14877"}],"version-history":[{"count":1,"href":"https:\/\/centralmedia.rs\/index.php\/wp-json\/wp\/v2\/posts\/14877\/revisions"}],"predecessor-version":[{"id":14882,"href":"https:\/\/centralmedia.rs\/index.php\/wp-json\/wp\/v2\/posts\/14877\/revisions\/14882"}],"wp:featuredmedia":[{"embeddable":true,"href":"https:\/\/centralmedia.rs\/index.php\/wp-json\/wp\/v2\/media\/14878"}],"wp:attachment":[{"href":"https:\/\/centralmedia.rs\/index.php\/wp-json\/wp\/v2\/media?parent=14877"}],"wp:term":[{"taxonomy":"category","embeddable":true,"href":"https:\/\/centralmedia.rs\/index.php\/wp-json\/wp\/v2\/categories?post=14877"},{"taxonomy":"post_tag","embeddable":true,"href":"https:\/\/centralmedia.rs\/index.php\/wp-json\/wp\/v2\/tags?post=14877"}],"curies":[{"name":"wp","href":"https:\/\/api.w.org\/{rel}","templated":true}]}}