{"id":14883,"date":"2018-11-10T15:12:48","date_gmt":"2018-11-10T15:12:48","guid":{"rendered":"http:\/\/centralmedia.rs\/?p=14883"},"modified":"2018-11-15T22:03:34","modified_gmt":"2018-11-15T22:03:34","slug":"izlozba-o-stogodisnjici-oslobodenja-paracina","status":"publish","type":"post","link":"https:\/\/centralmedia.rs\/index.php\/2018\/11\/10\/izlozba-o-stogodisnjici-oslobodenja-paracina\/","title":{"rendered":"IZLO\u017dBA O STOGODI\u0160NJICI OSLOBO\u0110ENJA PARA\u0106INA"},"content":{"rendered":"<p>PARA\u0106IN- Izlo\u017eba ,,Sto godina se\u0107anja Para\u0107ina u Prvom svetskom ratu&#8221; otvorena je u Zavi\u010dajnom muzeju u tom gradu. Prikazano je na desetine dokumenata, trofejnog oru\u017eja, kao i odlikovanja i retkog ordenja.<\/p>\n<p><img loading=\"lazy\" decoding=\"async\" class=\"alignnone wp-image-14885 size-large\" src=\"http:\/\/centralmedia.rs\/wp-content\/uploads\/2018\/11\/viber-image-1-1024x498.jpg\" alt=\"\" width=\"640\" height=\"311\" srcset=\"https:\/\/centralmedia.rs\/wp-content\/uploads\/2018\/11\/viber-image-1-1024x498.jpg 1024w, https:\/\/centralmedia.rs\/wp-content\/uploads\/2018\/11\/viber-image-1-300x146.jpg 300w, https:\/\/centralmedia.rs\/wp-content\/uploads\/2018\/11\/viber-image-1-768x373.jpg 768w, https:\/\/centralmedia.rs\/wp-content\/uploads\/2018\/11\/viber-image-1-864x420.jpg 864w, https:\/\/centralmedia.rs\/wp-content\/uploads\/2018\/11\/viber-image-1-640x311.jpg 640w, https:\/\/centralmedia.rs\/wp-content\/uploads\/2018\/11\/viber-image-1-681x331.jpg 681w, https:\/\/centralmedia.rs\/wp-content\/uploads\/2018\/11\/viber-image-1.jpg 1280w\" sizes=\"(max-width: 640px) 100vw, 640px\" \/><\/p>\n<p>&#8211; Preko 90 odsto izlo\u017eenih dokumenata i predmeta su vlasni\u0161tvo Muzeja i vezani za Para\u0107ince. Ovom izlo\u017ebom je otvoren novi rekonstruisani \u00a0prostor. Kancelarije su preseljene u drugu zgradu i dobili smo prostor koji je prvobitno bio namenjen za Galeriju, rekao je direktor Muzeja Branislav Stojanovi\u0107.<\/p>\n<p>Narednih dana bi\u0107e odr\u017eane tribine i prikazivani dokumentarni filmovi.<\/p>\n","protected":false},"excerpt":{"rendered":"<p>PARA\u0106IN- Izlo\u017eba ,,Sto godina se\u0107anja Para\u0107ina u Prvom svetskom ratu&#8221; otvorena je u Zavi\u010dajnom muzeju u tom gradu. Prikazano je na desetine dokumenata, trofejnog oru\u017eja, &hellip; <\/p>\n","protected":false},"author":2,"featured_media":14884,"comment_status":"open","ping_status":"open","sticky":false,"template":"","format":"standard","meta":{"footnotes":""},"categories":[1524,2,15,1516,887,12],"tags":[156,2431,1929],"_links":{"self":[{"href":"https:\/\/centralmedia.rs\/index.php\/wp-json\/wp\/v2\/posts\/14883"}],"collection":[{"href":"https:\/\/centralmedia.rs\/index.php\/wp-json\/wp\/v2\/posts"}],"about":[{"href":"https:\/\/centralmedia.rs\/index.php\/wp-json\/wp\/v2\/types\/post"}],"author":[{"embeddable":true,"href":"https:\/\/centralmedia.rs\/index.php\/wp-json\/wp\/v2\/users\/2"}],"replies":[{"embeddable":true,"href":"https:\/\/centralmedia.rs\/index.php\/wp-json\/wp\/v2\/comments?post=14883"}],"version-history":[{"count":1,"href":"https:\/\/centralmedia.rs\/index.php\/wp-json\/wp\/v2\/posts\/14883\/revisions"}],"predecessor-version":[{"id":14886,"href":"https:\/\/centralmedia.rs\/index.php\/wp-json\/wp\/v2\/posts\/14883\/revisions\/14886"}],"wp:featuredmedia":[{"embeddable":true,"href":"https:\/\/centralmedia.rs\/index.php\/wp-json\/wp\/v2\/media\/14884"}],"wp:attachment":[{"href":"https:\/\/centralmedia.rs\/index.php\/wp-json\/wp\/v2\/media?parent=14883"}],"wp:term":[{"taxonomy":"category","embeddable":true,"href":"https:\/\/centralmedia.rs\/index.php\/wp-json\/wp\/v2\/categories?post=14883"},{"taxonomy":"post_tag","embeddable":true,"href":"https:\/\/centralmedia.rs\/index.php\/wp-json\/wp\/v2\/tags?post=14883"}],"curies":[{"name":"wp","href":"https:\/\/api.w.org\/{rel}","templated":true}]}}