{"id":14915,"date":"2018-11-13T18:01:25","date_gmt":"2018-11-13T18:01:25","guid":{"rendered":"http:\/\/centralmedia.rs\/?p=14915"},"modified":"2018-11-19T18:47:22","modified_gmt":"2018-11-19T18:47:22","slug":"vucic-raspustio-poverenistvo-u-paracinu","status":"publish","type":"post","link":"https:\/\/centralmedia.rs\/index.php\/2018\/11\/13\/vucic-raspustio-poverenistvo-u-paracinu\/","title":{"rendered":"VU\u010cI\u0106 RASPUSTIO POVERENI\u0160TVO U PARA\u0106INU"},"content":{"rendered":"<p>PARA\u0106IN- Predsednik Srpske napredne stranke Aleksandar Vu\u010di\u0107 je raspustio povereni\u0161tvo Op\u0161tinskog odbora SNS Para\u0107in i razre\u0161io du\u017enosti poverenike Milana Ili\u0107a, Miodraga Stefanovi\u0107a i Neboj\u0161u Simi\u0107a, stoji u objavi para\u0107inskog SNS. Krajem 2016. godine, imenovano je pomenuto povereni\u0161tvo sa zadatkom da \u0161to hitnije obavi izbore u stranci, predhodno je po\u010delo osipanje odborni\u010dke grupe SNS u SO Para\u0107in. Usledili su ohrabruju\u0107i rezultati na predsednikim izborima, a deo odborni\u010dke grupe SNS formira OG Samostalni naprednjaci. Do leta 2017. ukupno 9 odbornika SNS je napustilo tu OG. U aprilu i maju ove godine SNS je prikupljao potpise za peticiju i o\u0161trim saop\u0161tenjima zahtevao vanredne izbore, i pored stabilne ve\u0107ine aktulene vlasti u SO Para\u0107in, uporedo je trajala medijska kampanja protiv \u010delnika aktulene vlasti. Poku\u0161an je upad pristalica SNS na sednicu SO Para\u0107in. Tu\u017eila\u0161tvo je odbacilo sve krivi\u010dne prijave protiv aktulene vlasti. Frustiracija zbog neo\u010dekivanih rezultata te kampanje tokom leta prenela u redove para\u0107inskog SNS i me\u0111usobnu borbu povernika za prevlast. Sve je okon\u010dano aktom predsednika SNS Vu\u010di\u0107a o razre\u0161enju Povereni\u0161tva. O\u010dekuje se imenovanje novog rukovodstva SNS u Para\u0107inu.<\/p>\n","protected":false},"excerpt":{"rendered":"<p>PARA\u0106IN- Predsednik Srpske napredne stranke Aleksandar Vu\u010di\u0107 je raspustio povereni\u0161tvo Op\u0161tinskog odbora SNS Para\u0107in i razre\u0161io du\u017enosti poverenike Milana Ili\u0107a, Miodraga Stefanovi\u0107a i Neboj\u0161u Simi\u0107a, &hellip; <\/p>\n","protected":false},"author":2,"featured_media":14916,"comment_status":"open","ping_status":"open","sticky":false,"template":"","format":"standard","meta":{"footnotes":""},"categories":[1524,2,1516,13,12],"tags":[1274,156,3285,136],"_links":{"self":[{"href":"https:\/\/centralmedia.rs\/index.php\/wp-json\/wp\/v2\/posts\/14915"}],"collection":[{"href":"https:\/\/centralmedia.rs\/index.php\/wp-json\/wp\/v2\/posts"}],"about":[{"href":"https:\/\/centralmedia.rs\/index.php\/wp-json\/wp\/v2\/types\/post"}],"author":[{"embeddable":true,"href":"https:\/\/centralmedia.rs\/index.php\/wp-json\/wp\/v2\/users\/2"}],"replies":[{"embeddable":true,"href":"https:\/\/centralmedia.rs\/index.php\/wp-json\/wp\/v2\/comments?post=14915"}],"version-history":[{"count":1,"href":"https:\/\/centralmedia.rs\/index.php\/wp-json\/wp\/v2\/posts\/14915\/revisions"}],"predecessor-version":[{"id":14917,"href":"https:\/\/centralmedia.rs\/index.php\/wp-json\/wp\/v2\/posts\/14915\/revisions\/14917"}],"wp:featuredmedia":[{"embeddable":true,"href":"https:\/\/centralmedia.rs\/index.php\/wp-json\/wp\/v2\/media\/14916"}],"wp:attachment":[{"href":"https:\/\/centralmedia.rs\/index.php\/wp-json\/wp\/v2\/media?parent=14915"}],"wp:term":[{"taxonomy":"category","embeddable":true,"href":"https:\/\/centralmedia.rs\/index.php\/wp-json\/wp\/v2\/categories?post=14915"},{"taxonomy":"post_tag","embeddable":true,"href":"https:\/\/centralmedia.rs\/index.php\/wp-json\/wp\/v2\/tags?post=14915"}],"curies":[{"name":"wp","href":"https:\/\/api.w.org\/{rel}","templated":true}]}}