{"id":1495,"date":"2015-12-11T14:00:27","date_gmt":"2015-12-11T14:00:27","guid":{"rendered":"http:\/\/centralmedia.rs\/?p=1495"},"modified":"2015-12-11T15:09:34","modified_gmt":"2015-12-11T15:09:34","slug":"117-godina-skolovanja-ucitelja-u-jagodini","status":"publish","type":"post","link":"https:\/\/centralmedia.rs\/index.php\/2015\/12\/11\/117-godina-skolovanja-ucitelja-u-jagodini\/","title":{"rendered":"117 GODINA \u0160KOLOVANJA U\u010cITELJA U JAGODINI"},"content":{"rendered":"<p>NARODNI U\u010cITELJ NOVINAR NENAD RISTI\u0106<br \/>\nJAGODINA-Povodom 117 godina od po\u010detka \u0161kolovanja u\u010ditelja u Jagodini, Fakultet pedago\u0161kih nauka na sve\u010danoj akademiju uru\u010dio je Po\u010dasnu diplomu ,,Narodni u\u010ditelj\u201c novinaru u penziji Nenadu Risti\u0107u, dok je diploma ,,Magister humanitas\u201c uru\u010dena mladom umetniku Marku \u0160eli\u0107u Mar\u010delu. Risti\u0107 je po\u017eeleo da se rekonstrukcija stare zgrade U\u010diteljske \u0161kole obavi \u0161to pre, odnosno apelovao da se jave donatori za taj projekat.<br \/>\n<a href=\"https:\/\/centralmedia.rs\/wp-content\/uploads\/2015\/12\/akademija-2.jpg\" rel=\"attachment wp-att-1497\"><img loading=\"lazy\" decoding=\"async\" src=\"https:\/\/centralmedia.rs\/wp-content\/uploads\/2015\/12\/akademija-2-300x225.jpg\" alt=\"akademija 2\" width=\"300\" height=\"225\" class=\"alignnone size-medium wp-image-1497\" srcset=\"https:\/\/centralmedia.rs\/wp-content\/uploads\/2015\/12\/akademija-2-300x225.jpg 300w, https:\/\/centralmedia.rs\/wp-content\/uploads\/2015\/12\/akademija-2-768x576.jpg 768w, https:\/\/centralmedia.rs\/wp-content\/uploads\/2015\/12\/akademija-2-80x60.jpg 80w, https:\/\/centralmedia.rs\/wp-content\/uploads\/2015\/12\/akademija-2-265x198.jpg 265w, https:\/\/centralmedia.rs\/wp-content\/uploads\/2015\/12\/akademija-2.jpg 900w\" sizes=\"(max-width: 300px) 100vw, 300px\" \/><\/a><br \/>\n\t-Ponosna je i veli\u010danstvena diploma ,,Narodni u\u010ditelj\u201c i ja sam tu funkciju proveo u TV dnevniku. Kada su \u010duli, moje kolegu iz RTS su mi obe\u0107ali diplomu ,,narodni mu\u010ditelj\u201c. Danas bi Sreten Ad\u017ei\u0107 i Mi\u0161a Anstasijevi\u0107 Kolarac razgovarali da li u Srbiji postoji donator koji bi mogao da pomogne obnovu stare \u0161kole. Mislim da bi ga oni rado primili u dru\u0161tvo velikih dobrotvora, ako bi se na\u0161ao takav, rekao je Risti\u0107 na dodeli diplome.<br \/>\n<figure id=\"attachment_1498\" aria-describedby=\"caption-attachment-1498\" style=\"width: 300px\" class=\"wp-caption alignnone\"><a href=\"https:\/\/centralmedia.rs\/wp-content\/uploads\/2015\/12\/marko-selic-marcelo-i-dekanka-violeta-jovanovic-jagodina-g.j..jpg\" rel=\"attachment wp-att-1498\"><img loading=\"lazy\" decoding=\"async\" src=\"https:\/\/centralmedia.rs\/wp-content\/uploads\/2015\/12\/marko-selic-marcelo-i-dekanka-violeta-jovanovic-jagodina-g.j.-300x219.jpg\" alt=\"Marko \u0160eli\u0107 Mar\u010delo i Violeta Jovanovi\u0107\" width=\"300\" height=\"219\" class=\"size-medium wp-image-1498\" srcset=\"https:\/\/centralmedia.rs\/wp-content\/uploads\/2015\/12\/marko-selic-marcelo-i-dekanka-violeta-jovanovic-jagodina-g.j.-300x219.jpg 300w, https:\/\/centralmedia.rs\/wp-content\/uploads\/2015\/12\/marko-selic-marcelo-i-dekanka-violeta-jovanovic-jagodina-g.j.-768x561.jpg 768w, https:\/\/centralmedia.rs\/wp-content\/uploads\/2015\/12\/marko-selic-marcelo-i-dekanka-violeta-jovanovic-jagodina-g.j.-1024x748.jpg 1024w, https:\/\/centralmedia.rs\/wp-content\/uploads\/2015\/12\/marko-selic-marcelo-i-dekanka-violeta-jovanovic-jagodina-g.j.-324x235.jpg 324w, https:\/\/centralmedia.rs\/wp-content\/uploads\/2015\/12\/marko-selic-marcelo-i-dekanka-violeta-jovanovic-jagodina-g.j..jpg 1200w\" sizes=\"(max-width: 300px) 100vw, 300px\" \/><\/a><figcaption id=\"caption-attachment-1498\" class=\"wp-caption-text\">Marko \u0160eli\u0107 Mar\u010delo i Violeta Jovanovi\u0107<\/figcaption><\/figure><br \/>\n        Mar\u010delo se zahvalio na originalnom priznanju i konstatovao da njegova borba na ovaj na\u010din dobija smisao, jer nije ,,tako uzaludna i nevidljiva\u201c.  Dekanka fakulteta Violeta Jovanovi\u0107 je najavila po\u010detak rekonstrukcije stare zgarde U\u010diteljske \u0161kole i nove programe u obrazovanju u\u010ditelja.<br \/>\n<a href=\"https:\/\/centralmedia.rs\/wp-content\/uploads\/2015\/12\/akademija-3.jpg\" rel=\"attachment wp-att-1499\"><img loading=\"lazy\" decoding=\"async\" src=\"https:\/\/centralmedia.rs\/wp-content\/uploads\/2015\/12\/akademija-3-300x152.jpg\" alt=\"akademija 3\" width=\"300\" height=\"152\" class=\"alignnone size-medium wp-image-1499\" srcset=\"https:\/\/centralmedia.rs\/wp-content\/uploads\/2015\/12\/akademija-3-300x152.jpg 300w, https:\/\/centralmedia.rs\/wp-content\/uploads\/2015\/12\/akademija-3-768x389.jpg 768w, https:\/\/centralmedia.rs\/wp-content\/uploads\/2015\/12\/akademija-3-1024x519.jpg 1024w, https:\/\/centralmedia.rs\/wp-content\/uploads\/2015\/12\/akademija-3.jpg 1200w\" sizes=\"(max-width: 300px) 100vw, 300px\" \/><\/a><br \/>\n        -Najzna\u010dajniji studijski programi koji smo kreirali ove godine su programi doktorskih studija, koji u procesu usvajanja na Univerzitetu u Kragujevcu. O\u010dekujemo upis prvih studenata na module za Srpski jezik i knji\u017eevnost i Fizi\u010dko vaspitanje, kazala je ona i dodala da je veliki zna\u010daj saradnje sa Ambasadom SAD u Beogadu, kao i saradnju sa Visokom \u0161kolom ,,Etva\u0161 Jo\u017eef\u201c iz Baje u Ma\u0111arskoj.<br \/>\n <a href=\"https:\/\/centralmedia.rs\/wp-content\/uploads\/2015\/12\/akademija.jpg\" rel=\"attachment wp-att-1500\"><img loading=\"lazy\" decoding=\"async\" src=\"https:\/\/centralmedia.rs\/wp-content\/uploads\/2015\/12\/akademija-300x202.jpg\" alt=\"akademija\" width=\"300\" height=\"202\" class=\"alignnone size-medium wp-image-1500\" srcset=\"https:\/\/centralmedia.rs\/wp-content\/uploads\/2015\/12\/akademija-300x202.jpg 300w, https:\/\/centralmedia.rs\/wp-content\/uploads\/2015\/12\/akademija-768x517.jpg 768w, https:\/\/centralmedia.rs\/wp-content\/uploads\/2015\/12\/akademija.jpg 900w\" sizes=\"(max-width: 300px) 100vw, 300px\" \/><\/a><br \/>\n        Predsednik Skup\u0161tine grada Jagodina Dragan Markovi\u0107 Palma podsetio je na zna\u010dajnu ulogu grada u \u017eivotu tog fakulteta i studenata, te obe\u0107ao da \u0107e grad naredne nedelje uplatiti milion dinara fakultetu za nabavku u\u010dila za studente. Zahvalnice fakulteta su dodeljene zaslu\u017enima za razvoj ove ustanove, kao i najboljim studentima.  <\/p>\n","protected":false},"excerpt":{"rendered":"<p>NARODNI U\u010cITELJ NOVINAR NENAD RISTI\u0106 JAGODINA-Povodom 117 godina od po\u010detka \u0161kolovanja u\u010ditelja u Jagodini, Fakultet pedago\u0161kih nauka na sve\u010danoj akademiju uru\u010dio je Po\u010dasnu diplomu ,,Narodni &hellip; <\/p>\n","protected":false},"author":4,"featured_media":1496,"comment_status":"open","ping_status":"open","sticky":false,"template":"","format":"standard","meta":{"footnotes":""},"categories":[2,15,12],"tags":[339,58,340],"_links":{"self":[{"href":"https:\/\/centralmedia.rs\/index.php\/wp-json\/wp\/v2\/posts\/1495"}],"collection":[{"href":"https:\/\/centralmedia.rs\/index.php\/wp-json\/wp\/v2\/posts"}],"about":[{"href":"https:\/\/centralmedia.rs\/index.php\/wp-json\/wp\/v2\/types\/post"}],"author":[{"embeddable":true,"href":"https:\/\/centralmedia.rs\/index.php\/wp-json\/wp\/v2\/users\/4"}],"replies":[{"embeddable":true,"href":"https:\/\/centralmedia.rs\/index.php\/wp-json\/wp\/v2\/comments?post=1495"}],"version-history":[{"count":0,"href":"https:\/\/centralmedia.rs\/index.php\/wp-json\/wp\/v2\/posts\/1495\/revisions"}],"wp:featuredmedia":[{"embeddable":true,"href":"https:\/\/centralmedia.rs\/index.php\/wp-json\/wp\/v2\/media\/1496"}],"wp:attachment":[{"href":"https:\/\/centralmedia.rs\/index.php\/wp-json\/wp\/v2\/media?parent=1495"}],"wp:term":[{"taxonomy":"category","embeddable":true,"href":"https:\/\/centralmedia.rs\/index.php\/wp-json\/wp\/v2\/categories?post=1495"},{"taxonomy":"post_tag","embeddable":true,"href":"https:\/\/centralmedia.rs\/index.php\/wp-json\/wp\/v2\/tags?post=1495"}],"curies":[{"name":"wp","href":"https:\/\/api.w.org\/{rel}","templated":true}]}}