{"id":14962,"date":"2018-11-16T13:13:10","date_gmt":"2018-11-16T13:13:10","guid":{"rendered":"http:\/\/centralmedia.rs\/?p=14962"},"modified":"2018-11-19T18:48:41","modified_gmt":"2018-11-19T18:48:41","slug":"zlatibor-pobedio-u-milanu","status":"publish","type":"post","link":"https:\/\/centralmedia.rs\/index.php\/2018\/11\/16\/zlatibor-pobedio-u-milanu\/","title":{"rendered":"ZLATIBOR POBEDIO U MILANU"},"content":{"rendered":"<p>MILANO- Zlatiborski Festival dokumentarnog sportskog filma trijumfalno se predstavio na \u201efestivalu festivala\u201c koji se ovih dana odr\u017eava u Milanu. Re\u010d je o manifestaciji koja okuplja 16\u00a0 festivala sa sportskom tematikom sa\u00a0 5 kontinenata a u asociacija ima 116 zemalja \u010dlanica. Zlatibor je na ovaj skup koji se organizuje po 36. put poslao dva filma prikazana ove godine,\u00a0 pobednika \u201e250 stepenika\u201c u produkciji PGM Sportnetworka i \u201eBeograd, kolevka ko\u0161arke\u201c u proizvodnji ko\u0161arka\u0161ke Evrolige. Ovaj drugi film prikazan je u \u010detvrtak uve\u010de, a \u201e250 stepenika\u201c su ispra\u0107ena dugim aplauzom i-unapred\u00a0 dodeljenom nagradom.<\/p>\n<div id='gallery-1' class='gallery galleryid-14962 gallery-columns-4 gallery-size-full'><figure class='gallery-item'>\n\t\t\t<div class='gallery-icon landscape'>\n\t\t\t\t<a href='https:\/\/centralmedia.rs\/index.php\/2018\/11\/16\/zlatibor-pobedio-u-milanu\/medalja15-11-18\/'><img loading=\"lazy\" decoding=\"async\" width=\"550\" height=\"365\" src=\"https:\/\/centralmedia.rs\/wp-content\/uploads\/2018\/11\/Medalja15.11.18..jpg\" class=\"attachment-full size-full\" alt=\"\" srcset=\"https:\/\/centralmedia.rs\/wp-content\/uploads\/2018\/11\/Medalja15.11.18..jpg 550w, https:\/\/centralmedia.rs\/wp-content\/uploads\/2018\/11\/Medalja15.11.18.-300x199.jpg 300w\" sizes=\"(max-width: 550px) 100vw, 550px\" \/><\/a>\n\t\t\t<\/div><\/figure><figure class='gallery-item'>\n\t\t\t<div class='gallery-icon landscape'>\n\t\t\t\t<a href='https:\/\/centralmedia.rs\/index.php\/2018\/11\/16\/zlatibor-pobedio-u-milanu\/pobednici-3\/'><img loading=\"lazy\" decoding=\"async\" width=\"550\" height=\"365\" src=\"https:\/\/centralmedia.rs\/wp-content\/uploads\/2018\/11\/Pobednici.jpg\" class=\"attachment-full size-full\" alt=\"\" srcset=\"https:\/\/centralmedia.rs\/wp-content\/uploads\/2018\/11\/Pobednici.jpg 550w, https:\/\/centralmedia.rs\/wp-content\/uploads\/2018\/11\/Pobednici-300x199.jpg 300w\" sizes=\"(max-width: 550px) 100vw, 550px\" \/><\/a>\n\t\t\t<\/div><\/figure><figure class='gallery-item'>\n\t\t\t<div class='gallery-icon landscape'>\n\t\t\t\t<a href='https:\/\/centralmedia.rs\/index.php\/2018\/11\/16\/zlatibor-pobedio-u-milanu\/salehalloffamemilano15-11-18\/'><img loading=\"lazy\" decoding=\"async\" width=\"504\" height=\"410\" src=\"https:\/\/centralmedia.rs\/wp-content\/uploads\/2018\/11\/SaleHallofFameMilano15.11.18..jpg\" class=\"attachment-full size-full\" alt=\"\" srcset=\"https:\/\/centralmedia.rs\/wp-content\/uploads\/2018\/11\/SaleHallofFameMilano15.11.18..jpg 504w, https:\/\/centralmedia.rs\/wp-content\/uploads\/2018\/11\/SaleHallofFameMilano15.11.18.-300x244.jpg 300w\" sizes=\"(max-width: 504px) 100vw, 504px\" \/><\/a>\n\t\t\t<\/div><\/figure><figure class='gallery-item'>\n\t\t\t<div class='gallery-icon landscape'>\n\t\t\t\t<a href='https:\/\/centralmedia.rs\/index.php\/2018\/11\/16\/zlatibor-pobedio-u-milanu\/salezahvaljuje\/'><img loading=\"lazy\" decoding=\"async\" width=\"550\" height=\"365\" src=\"https:\/\/centralmedia.rs\/wp-content\/uploads\/2018\/11\/Salezahvaljuje.jpg\" class=\"attachment-full size-full\" alt=\"\" srcset=\"https:\/\/centralmedia.rs\/wp-content\/uploads\/2018\/11\/Salezahvaljuje.jpg 550w, https:\/\/centralmedia.rs\/wp-content\/uploads\/2018\/11\/Salezahvaljuje-300x199.jpg 300w\" sizes=\"(max-width: 550px) 100vw, 550px\" \/><\/a>\n\t\t\t<\/div><\/figure>\n\t\t<\/div>\n\n<p>Mimo uobi\u010dajene prakse da se imena dobitnika priznanja objavljuju na zavr\u0161noj ve\u010deri, odmah po zavr\u0161etku projekcije, dok je jo\u0161 o\u010dekivao aplauz, Enco\u00a0 Kapielo, generalni sekretar\u00a0 Me\u0111unarodnog udru\u017eenja televizijskog spotrtskog filma (FICTS), saop\u0161tio je da je na\u0161em filmu dodeljena \u201ePo\u010dasna medalja\u201c u kategoriji \u201eDokumentarni timski sport\u201c. Nagradu je primio Vladimir Paji\u0107, autor filma, koji je pozvao celu ekipu koja je realizovala projekat da tako\u0111e iza\u0111e na podijum. Profesor Franko Askani, predsednik FICTS,uru\u010dio je Vladimiru Paji\u0107u medalju i prigodnu plaketu.<\/p>\n<p>Projekcija je izazvala veliku pa\u017enju. Osim Sa\u0161e \u0110or\u0111evi\u0107a, prisutan je bio i Dejan Stankovi\u0107, biv\u0161i fudbalski reprezentativac, ali i nekada\u0161nji italijanski reprezentativci Rikardo Pitis i David Pesina, tako\u0111e u\u010desnici juniorskog Mundijala u Bormiju 1987. Bio je i njihov tada\u0161nji selektor Filipo Faina, tako\u0111e i Luka Kjaboti, jedan od najpoznatijih italijanskih ko\u0161arka\u0161kih novinara, \u0161ef pres-centra tokom takmi\u010denja u Bormiju 1987.<\/p>\n<p>Sa\u0161a \u0110or\u0111evi\u0107 je, u neku ruku i doma\u0107in jer \u017eivi u Milanu, je na sebi svojstven na\u010din, sa puno \u0161arma, govorio o svojoj generaciji\u00a0 koja je trijumfom u Bormiju zavr\u0161ila juniorski sta\u017e i zakora\u010dila u svet odraslih u kome je tako\u0111e ostavila dubok trag. Franko Askani je \u201eu\u010dlanio\u201c \u0110or\u0111evi\u0107a\u00a0 u \u201eKu\u0107u slavnih\u201c FICTS u kojoj su najpoznatije li\u010dnosti iz sveta sporta i kulture.<\/p>\n<p>Film je svojom spontano\u0161\u0107u i nenametljivo\u0161\u0107u, sa odli\u010dnom kamerom i sjajnom monta\u017eom, izazvao mnogo emocija, kao\u00a0 oma\u017e jednoj sjajnoj generaciji ko\u0161arka\u0161a ali i kao oda prijateljstvu i drugarstvu koje nisu naru\u0161ile ni ru\u017ene godine koje su usledile samo nekoliko godina posle sjajaj u Bormiju.<br \/>\nTokom 5 dana festivala bi\u0107e prikazano 160 ostvarenja u 7 kategorija. Sve\u010dano zatvaranje i zvani\u010dno progla\u0161enje pobednika predvi\u0111eno je za ponedeljak uve\u010de, ali Zlatibor je ve\u0107 pobedio.<\/p>\n","protected":false},"excerpt":{"rendered":"<p>MILANO- Zlatiborski Festival dokumentarnog sportskog filma trijumfalno se predstavio na \u201efestivalu festivala\u201c koji se ovih dana odr\u017eava u Milanu. Re\u010d je o manifestaciji koja okuplja &hellip; <\/p>\n","protected":false},"author":2,"featured_media":14963,"comment_status":"open","ping_status":"open","sticky":false,"template":"","format":"standard","meta":{"footnotes":""},"categories":[2875,1524,2,15,887,12],"tags":[2762,2953,3291,2876],"_links":{"self":[{"href":"https:\/\/centralmedia.rs\/index.php\/wp-json\/wp\/v2\/posts\/14962"}],"collection":[{"href":"https:\/\/centralmedia.rs\/index.php\/wp-json\/wp\/v2\/posts"}],"about":[{"href":"https:\/\/centralmedia.rs\/index.php\/wp-json\/wp\/v2\/types\/post"}],"author":[{"embeddable":true,"href":"https:\/\/centralmedia.rs\/index.php\/wp-json\/wp\/v2\/users\/2"}],"replies":[{"embeddable":true,"href":"https:\/\/centralmedia.rs\/index.php\/wp-json\/wp\/v2\/comments?post=14962"}],"version-history":[{"count":1,"href":"https:\/\/centralmedia.rs\/index.php\/wp-json\/wp\/v2\/posts\/14962\/revisions"}],"predecessor-version":[{"id":14968,"href":"https:\/\/centralmedia.rs\/index.php\/wp-json\/wp\/v2\/posts\/14962\/revisions\/14968"}],"wp:featuredmedia":[{"embeddable":true,"href":"https:\/\/centralmedia.rs\/index.php\/wp-json\/wp\/v2\/media\/14963"}],"wp:attachment":[{"href":"https:\/\/centralmedia.rs\/index.php\/wp-json\/wp\/v2\/media?parent=14962"}],"wp:term":[{"taxonomy":"category","embeddable":true,"href":"https:\/\/centralmedia.rs\/index.php\/wp-json\/wp\/v2\/categories?post=14962"},{"taxonomy":"post_tag","embeddable":true,"href":"https:\/\/centralmedia.rs\/index.php\/wp-json\/wp\/v2\/tags?post=14962"}],"curies":[{"name":"wp","href":"https:\/\/api.w.org\/{rel}","templated":true}]}}