{"id":14969,"date":"2018-11-16T13:18:51","date_gmt":"2018-11-16T13:18:51","guid":{"rendered":"http:\/\/centralmedia.rs\/?p=14969"},"modified":"2018-11-19T18:48:54","modified_gmt":"2018-11-19T18:48:54","slug":"art-performans-u-svilajnackom-centru-za-kulturu","status":"publish","type":"post","link":"https:\/\/centralmedia.rs\/index.php\/2018\/11\/16\/art-performans-u-svilajnackom-centru-za-kulturu\/","title":{"rendered":"ART PERFORMANS U SVILAJNA\u010cKOM CENTRU ZA KULTURU"},"content":{"rendered":"<p>SVILAJNAC- Izlo\u017eba fotografija kostima i maski \u201cCosplay &amp; body art performans\u201d svilajna\u010dke umetnice Mire Milovanovi\u0107 otvorena je u svilajna\u010dkom Centru za kulturu, gde \u0107e njeni nesvakida\u0161nji radovi biti izlo\u017eeni do kraja novembra.<\/p>\n<div id='gallery-1' class='gallery galleryid-14969 gallery-columns-3 gallery-size-full'><figure class='gallery-item'>\n\t\t\t<div class='gallery-icon portrait'>\n\t\t\t\t<a href='https:\/\/centralmedia.rs\/index.php\/2018\/11\/16\/art-performans-u-svilajnackom-centru-za-kulturu\/img-5cfb3b01df0acf742351bed79024a8c7-v\/'><img loading=\"lazy\" decoding=\"async\" width=\"960\" height=\"1280\" src=\"https:\/\/centralmedia.rs\/wp-content\/uploads\/2018\/11\/IMG-5cfb3b01df0acf742351bed79024a8c7-V.jpg\" class=\"attachment-full size-full\" alt=\"\" srcset=\"https:\/\/centralmedia.rs\/wp-content\/uploads\/2018\/11\/IMG-5cfb3b01df0acf742351bed79024a8c7-V.jpg 960w, https:\/\/centralmedia.rs\/wp-content\/uploads\/2018\/11\/IMG-5cfb3b01df0acf742351bed79024a8c7-V-225x300.jpg 225w, https:\/\/centralmedia.rs\/wp-content\/uploads\/2018\/11\/IMG-5cfb3b01df0acf742351bed79024a8c7-V-768x1024.jpg 768w, https:\/\/centralmedia.rs\/wp-content\/uploads\/2018\/11\/IMG-5cfb3b01df0acf742351bed79024a8c7-V-315x420.jpg 315w, https:\/\/centralmedia.rs\/wp-content\/uploads\/2018\/11\/IMG-5cfb3b01df0acf742351bed79024a8c7-V-640x853.jpg 640w, https:\/\/centralmedia.rs\/wp-content\/uploads\/2018\/11\/IMG-5cfb3b01df0acf742351bed79024a8c7-V-681x908.jpg 681w\" sizes=\"(max-width: 960px) 100vw, 960px\" \/><\/a>\n\t\t\t<\/div><\/figure><figure class='gallery-item'>\n\t\t\t<div class='gallery-icon portrait'>\n\t\t\t\t<a href='https:\/\/centralmedia.rs\/index.php\/2018\/11\/16\/art-performans-u-svilajnackom-centru-za-kulturu\/img-029b66a2ecb428cc55273d51061c3e54-v\/'><img loading=\"lazy\" decoding=\"async\" width=\"960\" height=\"1280\" src=\"https:\/\/centralmedia.rs\/wp-content\/uploads\/2018\/11\/IMG-029b66a2ecb428cc55273d51061c3e54-V.jpg\" class=\"attachment-full size-full\" alt=\"\" srcset=\"https:\/\/centralmedia.rs\/wp-content\/uploads\/2018\/11\/IMG-029b66a2ecb428cc55273d51061c3e54-V.jpg 960w, https:\/\/centralmedia.rs\/wp-content\/uploads\/2018\/11\/IMG-029b66a2ecb428cc55273d51061c3e54-V-225x300.jpg 225w, https:\/\/centralmedia.rs\/wp-content\/uploads\/2018\/11\/IMG-029b66a2ecb428cc55273d51061c3e54-V-768x1024.jpg 768w, https:\/\/centralmedia.rs\/wp-content\/uploads\/2018\/11\/IMG-029b66a2ecb428cc55273d51061c3e54-V-315x420.jpg 315w, https:\/\/centralmedia.rs\/wp-content\/uploads\/2018\/11\/IMG-029b66a2ecb428cc55273d51061c3e54-V-640x853.jpg 640w, https:\/\/centralmedia.rs\/wp-content\/uploads\/2018\/11\/IMG-029b66a2ecb428cc55273d51061c3e54-V-681x908.jpg 681w\" sizes=\"(max-width: 960px) 100vw, 960px\" \/><\/a>\n\t\t\t<\/div><\/figure><figure class='gallery-item'>\n\t\t\t<div class='gallery-icon landscape'>\n\t\t\t\t<a href='https:\/\/centralmedia.rs\/index.php\/2018\/11\/16\/art-performans-u-svilajnackom-centru-za-kulturu\/img-82a6da00fb1e09fb4e1a392a4c2d4463-v\/'><img loading=\"lazy\" decoding=\"async\" width=\"1280\" height=\"960\" src=\"https:\/\/centralmedia.rs\/wp-content\/uploads\/2018\/11\/IMG-82a6da00fb1e09fb4e1a392a4c2d4463-V.jpg\" class=\"attachment-full size-full\" alt=\"\" srcset=\"https:\/\/centralmedia.rs\/wp-content\/uploads\/2018\/11\/IMG-82a6da00fb1e09fb4e1a392a4c2d4463-V.jpg 1280w, https:\/\/centralmedia.rs\/wp-content\/uploads\/2018\/11\/IMG-82a6da00fb1e09fb4e1a392a4c2d4463-V-300x225.jpg 300w, https:\/\/centralmedia.rs\/wp-content\/uploads\/2018\/11\/IMG-82a6da00fb1e09fb4e1a392a4c2d4463-V-768x576.jpg 768w, https:\/\/centralmedia.rs\/wp-content\/uploads\/2018\/11\/IMG-82a6da00fb1e09fb4e1a392a4c2d4463-V-1024x768.jpg 1024w, https:\/\/centralmedia.rs\/wp-content\/uploads\/2018\/11\/IMG-82a6da00fb1e09fb4e1a392a4c2d4463-V-560x420.jpg 560w, https:\/\/centralmedia.rs\/wp-content\/uploads\/2018\/11\/IMG-82a6da00fb1e09fb4e1a392a4c2d4463-V-80x60.jpg 80w, https:\/\/centralmedia.rs\/wp-content\/uploads\/2018\/11\/IMG-82a6da00fb1e09fb4e1a392a4c2d4463-V-100x75.jpg 100w, https:\/\/centralmedia.rs\/wp-content\/uploads\/2018\/11\/IMG-82a6da00fb1e09fb4e1a392a4c2d4463-V-180x135.jpg 180w, https:\/\/centralmedia.rs\/wp-content\/uploads\/2018\/11\/IMG-82a6da00fb1e09fb4e1a392a4c2d4463-V-238x178.jpg 238w, https:\/\/centralmedia.rs\/wp-content\/uploads\/2018\/11\/IMG-82a6da00fb1e09fb4e1a392a4c2d4463-V-640x480.jpg 640w, https:\/\/centralmedia.rs\/wp-content\/uploads\/2018\/11\/IMG-82a6da00fb1e09fb4e1a392a4c2d4463-V-681x511.jpg 681w\" sizes=\"(max-width: 1280px) 100vw, 1280px\" \/><\/a>\n\t\t\t<\/div><\/figure>\n\t\t<\/div>\n\n<p>Mira Milovanovi\u0107 godinama uspe\u0161no vodi svoj kozmeti\u010dki salon u Svilajncu, a naklonost prema profesionalnom \u0161minkanju vodila je u ispitivanje mogu\u0107nosti same tehnike i istra\u017eivanje li\u010dnih afiniteta. U Be\u010du je zavr\u0161ila obuku za pozori\u0161nu \u0161minku, a zatim nastavlja da se bavi tehnikama face painting i body art.\u00a0 Interesovanje je dalje vodi ka izradi maski i kostima poznatog kao cosplay. U ovoj tehnici Mira je pokazala svoj izvanredan talenat i veliko tehni\u010dko ume\u0107e.<\/p>\n<p>&#8211; Costplayeri se u Srbiji predstavljaju grupno na pojedinim sajmovima ili na takmi\u010denjima, a performansi jednog autora, kakav je organizivan u Svilajncu nisu \u010desta praksa. Mira je pokazala da je kao costplyer ispunila sve uslove: odli\u010dno i precizno izra\u0111eni kostimi, sjajan nastup modela i scenski efekti koji su poja\u010dali utisak. Posetioci su u prilici da vide i izlo\u017ebu fotografija njenih radova.\u00a0Ovo je, ina\u010de, jedna od izlo\u017ebi koju organizujemo u okviru na\u0161eg programa \u201cPoka\u017ei \u0161ta zna\u0161\u201d, gde pru\u017eamo prostor, tehni\u010dku i svaku drugu podr\u0161ku na\u0161im talentovanim sugra\u0111anima da predstave svoj rad, naj\u010de\u0161\u0107e hobi koji se grani\u010di sa ozbiljnom umetno\u0161\u0107u \u2013 izjavila je Ivana Ne\u0161i\u0107, umeni\u010dki urednik Centra za kulturu Svilajnac.<\/p>\n<p>Mira Milovanovi\u0107 istakla je da se ovim bavi u slobodno vreme iz \u010distog zadovoljstva.<\/p>\n<p>&#8211; Sve ove tehnike su vrlo zahtevne u tehni\u010dkom i materijalnom smislu, tra\u017ee ogroman trud i posve\u0107enost, istra\u017eivanje, ali kada postoji ljubav i volja onda nastaje umetnost. Uz pomo\u0107 sugra\u0111ana, prijatelja i Centra za kulturu Svilajnac napravili smo veliki performans koji ne zaostaje za sli\u010dnim doga\u0111ajima u Evropi iz oblasti pop kulture \u2013 objasnila je ona.<\/p>\n<p>&nbsp;<\/p>\n<p>&nbsp;<\/p>\n","protected":false},"excerpt":{"rendered":"<p>SVILAJNAC- Izlo\u017eba fotografija kostima i maski \u201cCosplay &amp; body art performans\u201d svilajna\u010dke umetnice Mire Milovanovi\u0107 otvorena je u svilajna\u010dkom Centru za kulturu, gde \u0107e njeni &hellip; <\/p>\n","protected":false},"author":2,"featured_media":14970,"comment_status":"open","ping_status":"open","sticky":false,"template":"","format":"standard","meta":{"footnotes":""},"categories":[1524,2,15,887,12,1517],"tags":[3292,38],"_links":{"self":[{"href":"https:\/\/centralmedia.rs\/index.php\/wp-json\/wp\/v2\/posts\/14969"}],"collection":[{"href":"https:\/\/centralmedia.rs\/index.php\/wp-json\/wp\/v2\/posts"}],"about":[{"href":"https:\/\/centralmedia.rs\/index.php\/wp-json\/wp\/v2\/types\/post"}],"author":[{"embeddable":true,"href":"https:\/\/centralmedia.rs\/index.php\/wp-json\/wp\/v2\/users\/2"}],"replies":[{"embeddable":true,"href":"https:\/\/centralmedia.rs\/index.php\/wp-json\/wp\/v2\/comments?post=14969"}],"version-history":[{"count":1,"href":"https:\/\/centralmedia.rs\/index.php\/wp-json\/wp\/v2\/posts\/14969\/revisions"}],"predecessor-version":[{"id":14974,"href":"https:\/\/centralmedia.rs\/index.php\/wp-json\/wp\/v2\/posts\/14969\/revisions\/14974"}],"wp:featuredmedia":[{"embeddable":true,"href":"https:\/\/centralmedia.rs\/index.php\/wp-json\/wp\/v2\/media\/14970"}],"wp:attachment":[{"href":"https:\/\/centralmedia.rs\/index.php\/wp-json\/wp\/v2\/media?parent=14969"}],"wp:term":[{"taxonomy":"category","embeddable":true,"href":"https:\/\/centralmedia.rs\/index.php\/wp-json\/wp\/v2\/categories?post=14969"},{"taxonomy":"post_tag","embeddable":true,"href":"https:\/\/centralmedia.rs\/index.php\/wp-json\/wp\/v2\/tags?post=14969"}],"curies":[{"name":"wp","href":"https:\/\/api.w.org\/{rel}","templated":true}]}}