{"id":14979,"date":"2018-11-19T08:10:09","date_gmt":"2018-11-19T08:10:09","guid":{"rendered":"http:\/\/centralmedia.rs\/?p=14979"},"modified":"2018-11-28T09:11:17","modified_gmt":"2018-11-28T09:11:17","slug":"vucic-imenovao-novo-poverenistvo-u-paracinu","status":"publish","type":"post","link":"https:\/\/centralmedia.rs\/index.php\/2018\/11\/19\/vucic-imenovao-novo-poverenistvo-u-paracinu\/","title":{"rendered":"VU\u010cI\u0106 IMENOVAO NOVO POVERENI\u0160TVO U PARA\u0106INU"},"content":{"rendered":"<p>PARA\u0106IN- Predsednik SNS Aleksandar Vu\u010di\u0107 imenovao je novo povereni\u0161tvo u Op\u0161tinskom odboru SNS u Para\u0107inu &#8211; dr Vesnu Petrovi\u0107, Novicu Markovi\u0107a i Zdravka Mihi\u0107a. Predhodno je predsednik SNS Vu\u010di\u0107 raspustio Povereni\u0161tvo u Para\u0107inu i razre\u0161io du\u017enosti poverenike Milana Ili\u0107a, Miodraga Stefanovi\u0107a i Neboj\u0161u Simi\u0107a.<\/p>\n","protected":false},"excerpt":{"rendered":"<p>PARA\u0106IN- Predsednik SNS Aleksandar Vu\u010di\u0107 imenovao je novo povereni\u0161tvo u Op\u0161tinskom odboru SNS u Para\u0107inu &#8211; dr Vesnu Petrovi\u0107, Novicu Markovi\u0107a i Zdravka Mihi\u0107a. Predhodno &hellip; <\/p>\n","protected":false},"author":2,"featured_media":14981,"comment_status":"open","ping_status":"open","sticky":false,"template":"","format":"standard","meta":{"footnotes":""},"categories":[1524,2,1516,13,12],"tags":[1274,156,136],"_links":{"self":[{"href":"https:\/\/centralmedia.rs\/index.php\/wp-json\/wp\/v2\/posts\/14979"}],"collection":[{"href":"https:\/\/centralmedia.rs\/index.php\/wp-json\/wp\/v2\/posts"}],"about":[{"href":"https:\/\/centralmedia.rs\/index.php\/wp-json\/wp\/v2\/types\/post"}],"author":[{"embeddable":true,"href":"https:\/\/centralmedia.rs\/index.php\/wp-json\/wp\/v2\/users\/2"}],"replies":[{"embeddable":true,"href":"https:\/\/centralmedia.rs\/index.php\/wp-json\/wp\/v2\/comments?post=14979"}],"version-history":[{"count":1,"href":"https:\/\/centralmedia.rs\/index.php\/wp-json\/wp\/v2\/posts\/14979\/revisions"}],"predecessor-version":[{"id":14980,"href":"https:\/\/centralmedia.rs\/index.php\/wp-json\/wp\/v2\/posts\/14979\/revisions\/14980"}],"wp:featuredmedia":[{"embeddable":true,"href":"https:\/\/centralmedia.rs\/index.php\/wp-json\/wp\/v2\/media\/14981"}],"wp:attachment":[{"href":"https:\/\/centralmedia.rs\/index.php\/wp-json\/wp\/v2\/media?parent=14979"}],"wp:term":[{"taxonomy":"category","embeddable":true,"href":"https:\/\/centralmedia.rs\/index.php\/wp-json\/wp\/v2\/categories?post=14979"},{"taxonomy":"post_tag","embeddable":true,"href":"https:\/\/centralmedia.rs\/index.php\/wp-json\/wp\/v2\/tags?post=14979"}],"curies":[{"name":"wp","href":"https:\/\/api.w.org\/{rel}","templated":true}]}}