{"id":15026,"date":"2018-11-20T16:32:37","date_gmt":"2018-11-20T16:32:37","guid":{"rendered":"http:\/\/centralmedia.rs\/?p=15026"},"modified":"2018-11-25T22:45:18","modified_gmt":"2018-11-25T22:45:18","slug":"da-li-je-eps-porodici-omogucio-struju-korisnika-koji-je-izvrsio-samoubistvo-zbog-dugova-za-struju","status":"publish","type":"post","link":"https:\/\/centralmedia.rs\/index.php\/2018\/11\/20\/da-li-je-eps-porodici-omogucio-struju-korisnika-koji-je-izvrsio-samoubistvo-zbog-dugova-za-struju\/","title":{"rendered":"DA LI JE EPS PORODICI, KORISNIKA KOJI JE IZVR\u0160IO SAMOUBISTVO ZBOG DUGOVA, OMOGU\u0106IO STRUJU?"},"content":{"rendered":"<p>Komentar : GORAN JEVREMOVI\u0106<\/p>\n<p>JAGODINA- Poslednja u nizu tragedija, koja je uznemirila gra\u0111ane Srbije, je samoubistvo Jagodinca, porodi\u010dnog \u010doveka, iz lova\u010dkog oru\u017eja. \u00a0Kap koja je prelila \u010da\u0161u i presudila, u moru problema, je ultimativan zahtev za isplatu duga za potro\u0161enju struju, isklju\u010denje, skidanje strujomera, sudska prijava za nelegalan priklju\u010dak, zahtev za novi priklju\u010dak&#8230; Struja nije socijalna kategorija. Niko u EPS nije zadu\u017een da sagledava porodi\u010dnu situaciju i probleme obi\u010dnih ljudi kada sa \u0161altera beskompromisno zahtevaju, nare\u0111uju i gotovo upu\u0107uju ,,prete\u0107e&#8221; poruke. Takav odnos prema ,,obi\u010dnim&#8221; korisnicima i 30.000 dinara duga za potro\u0161enu struju odveli su Jagodinca oprhvanog \u017eivotnim problemima u smrt. Ko to ima pravo da se poigrava sa \u017eivotima ,,obi\u010dnih&#8221; ljudi?<\/p>\n<p>,,Obi\u010dan&#8221; \u010dovek sa normalnom porodicom nije izdr\u017eao. Imao je planove da re\u0161i dug, predlagao, ali sa druge strane nije bilo elementarnog ljudskog razumevanja.<\/p>\n<p>,,Neobi\u010dni&#8221; korisnici, ili povla\u0161\u0107eni, mo\u017ee da se predpostavi ko su, i dalje \u0107e biti povla\u0161\u0107eni i niko na njih ne\u0107e pokazati prstom, jer oni imaju mo\u0107 da njima EPS ne isklju\u010duje struju, niti upu\u0107uje neprimerene re\u010di. Takvih je na stotine u Pomoravlju i njima se EPS najverovatnije ,,izvinjava&#8221; kada ih obavesti o dugu od vi\u0161e stotina hiljada dinara.<\/p>\n<p>Ostaje nada da je EPS sada, posle li\u010dne \u017ertve korisnika, omogu\u0107io njegovoj porodici snabdevanje strujom. Dug \u0107e porodica morati da plati, kao i kazne za bespravno priklju\u010denje, novi priklju\u010dak i sve ostale dugove&#8230;.<\/p>\n","protected":false},"excerpt":{"rendered":"<p>Komentar : GORAN JEVREMOVI\u0106 JAGODINA- Poslednja u nizu tragedija, koja je uznemirila gra\u0111ane Srbije, je samoubistvo Jagodinca, porodi\u010dnog \u010doveka, iz lova\u010dkog oru\u017eja. \u00a0Kap koja je &hellip; <\/p>\n","protected":false},"author":2,"featured_media":15027,"comment_status":"open","ping_status":"open","sticky":false,"template":"","format":"standard","meta":{"footnotes":""},"categories":[1524,2,1514,19,12],"tags":[58,77,1849],"_links":{"self":[{"href":"https:\/\/centralmedia.rs\/index.php\/wp-json\/wp\/v2\/posts\/15026"}],"collection":[{"href":"https:\/\/centralmedia.rs\/index.php\/wp-json\/wp\/v2\/posts"}],"about":[{"href":"https:\/\/centralmedia.rs\/index.php\/wp-json\/wp\/v2\/types\/post"}],"author":[{"embeddable":true,"href":"https:\/\/centralmedia.rs\/index.php\/wp-json\/wp\/v2\/users\/2"}],"replies":[{"embeddable":true,"href":"https:\/\/centralmedia.rs\/index.php\/wp-json\/wp\/v2\/comments?post=15026"}],"version-history":[{"count":7,"href":"https:\/\/centralmedia.rs\/index.php\/wp-json\/wp\/v2\/posts\/15026\/revisions"}],"predecessor-version":[{"id":15034,"href":"https:\/\/centralmedia.rs\/index.php\/wp-json\/wp\/v2\/posts\/15026\/revisions\/15034"}],"wp:featuredmedia":[{"embeddable":true,"href":"https:\/\/centralmedia.rs\/index.php\/wp-json\/wp\/v2\/media\/15027"}],"wp:attachment":[{"href":"https:\/\/centralmedia.rs\/index.php\/wp-json\/wp\/v2\/media?parent=15026"}],"wp:term":[{"taxonomy":"category","embeddable":true,"href":"https:\/\/centralmedia.rs\/index.php\/wp-json\/wp\/v2\/categories?post=15026"},{"taxonomy":"post_tag","embeddable":true,"href":"https:\/\/centralmedia.rs\/index.php\/wp-json\/wp\/v2\/tags?post=15026"}],"curies":[{"name":"wp","href":"https:\/\/api.w.org\/{rel}","templated":true}]}}